{"id":44819,"date":"2024-11-14T10:13:36","date_gmt":"2024-11-14T13:13:36","guid":{"rendered":"https:\/\/www.obispado-mdp.org.ar\/a\/?p=44819"},"modified":"2024-11-14T10:13:37","modified_gmt":"2024-11-14T13:13:37","slug":"la-escuela-nuestra-senora-de-lujan-de-batan-celebro-su-60-aniversario","status":"publish","type":"post","link":"https:\/\/www.obispado-mdp.org.ar\/a\/la-escuela-nuestra-senora-de-lujan-de-batan-celebro-su-60-aniversario\/","title":{"rendered":"<strong>La Escuela Nuestra Se\u00f1ora de Luj\u00e1n de Bat\u00e1n celebr\u00f3 su 60 aniversario<\/strong>"},"content":{"rendered":"\n<p>Una jornada inolvidable de fiesta se vivi\u00f3 en la Escuela Episcopal Nuestra Se\u00f1ora de Luj\u00e1n, de la localidad de Bat\u00e1n, en la que se celebr\u00f3 el 60 aniversario de su fundaci\u00f3n. Corr\u00eda el a\u00f1o 1963 cuando el entonces obispo de Mar del Plata, monse\u00f1or Enrique Rau, encomend\u00f3 al padre Enrique Budrewicz la atenci\u00f3n pastoral de la comunidad de Bat\u00e1n, que contaba por aquel entonces con una peque\u00f1a capilla. A fines de ese mismo a\u00f1o y gracias al impulso del sacerdote y de las familias de la comunidad, comenz\u00f3 la construcci\u00f3n de la escuela en el terreno lindero al templo. La misma comenzar\u00eda a funcionar en 1964.<\/p>\n\n\n\n<p>El acto central para dar gracias y celebrar el significativo aniversario tuvo lugar el pasado viernes 8 de noviembre en la sede de la propia instituci\u00f3n, y cont\u00f3 con la presencia de diversas autoridades, exalumnos, padres, representantes de otras escuelas y de instituciones de la ciudad de Bat\u00e1n, y los alumnos de la instituci\u00f3n.<\/p>\n\n\n\n<p>Luego de recibir a las banderas de ceremonia y de entonar las estrofas de nuestro Himno Nacional, tuvo lugar la invocaci\u00f3n religiosa, a cargo del cura p\u00e1rroco, presb\u00edtero Sebasti\u00e1n Vercellone. Seguidamente se escucharon sentidas palabras de la directora del nivel primario, Cintia Graziano, y de la exdocente de la escuela, Silvina Vasquez. Tambi\u00e9n hicieron uso de la palabra la delegada municipal de Bat\u00e1n y exalumna de la instituci\u00f3n, Mayra Fretes, y el delegado episcopal de Educaci\u00f3n, presb\u00edtero Juan Cruz Mennilli, quien acerc\u00f3 el saludo que monse\u00f1or Ernesto Giobando envi\u00f3 desde Buenos Aires.<\/p>\n\n\n\n<p>Los alumnos de la escuela protagonizaron momentos muy singulares dentro del acto, destac\u00e1ndose la participaci\u00f3n de los estudiantes de sexto a\u00f1o del nivel primario, quienes compartieron una versi\u00f3n de la canci\u00f3n \u201cHacer un puente\u201d, a la que incorporaron elementos r\u00edtmicos binarios con vasos, sumado a un ritmo corporal. Asimismo los alumnos de cuarto a\u00f1o de secundario presentaron una l\u00ednea de tiempo en la que vincularon la historia de la escuela con los acontecimientos m\u00e1s relevantes acontecidos en el pa\u00eds y el mundo a lo largo de las seis d\u00e9cadas de vida institucional.<\/p>\n\n\n\n<p>Por parte del plantel docente, la secretaria del nivel secundario, Karina Viterales, y el profesor de m\u00fasica, Pablo Casagrande \u2013ambos exalumnos de la escuela- realizaron una ingeniosa presentaci\u00f3n a trav\u00e9s de la cual recordaron distintos aspectos de la historia de la instituci\u00f3n.<\/p>\n\n\n\n<p>Finalmente el representante legal, Gabriel Lazzari dio su mensaje a la comunidad, en el que adem\u00e1s de expresar su satisfacci\u00f3n por la celebraci\u00f3n del aniversario, anunci\u00f3 diversas obras que esperan poder llevar adelante a la brevedad para seguir potenciando la propuesta educativa en pos de los ni\u00f1os y j\u00f3venes que all\u00ed transitan su trayectoria escolar.<\/p>\n\n\n\n<p>La ceremonia concluy\u00f3 con el canto del \u201cfeliz cumplea\u00f1os\u201d y con el tradicional apagado de velitas sobre varias tortas que fueron compartidas por todos los presentes.<\/p>\n\n\n\n<figure class=\"wp-block-image size-large\"><img loading=\"lazy\" width=\"1024\" height=\"680\" src=\"https:\/\/www.obispado-mdp.org.ar\/a\/wp-content\/uploads\/2024\/11\/DSC8939-1024x680.jpg\" alt=\"\" class=\"wp-image-44820\"\/><\/figure>\n\n\n\n<figure class=\"wp-block-image size-large\"><img loading=\"lazy\" width=\"1024\" height=\"680\" src=\"https:\/\/www.obispado-mdp.org.ar\/a\/wp-content\/uploads\/2024\/11\/a-1024x680.jpg\" alt=\"\" class=\"wp-image-44821\"\/><\/figure>\n\n\n\n<figure class=\"wp-block-image size-large\"><img loading=\"lazy\" width=\"1024\" height=\"680\" src=\"https:\/\/www.obispado-mdp.org.ar\/a\/wp-content\/uploads\/2024\/11\/m-1024x680.jpg\" alt=\"\" class=\"wp-image-44825\"\/><\/figure>\n\n\n\n<figure class=\"wp-block-image size-large\"><img loading=\"lazy\" width=\"1024\" height=\"680\" src=\"https:\/\/www.obispado-mdp.org.ar\/a\/wp-content\/uploads\/2024\/11\/unnamed-file-1024x680.jpg\" alt=\"\" class=\"wp-image-44826\"\/><\/figure>\n","protected":false},"excerpt":{"rendered":"<p>Una jornada inolvidable de fiesta se vivi\u00f3 en la Escuela Episcopal Nuestra Se\u00f1ora de Luj\u00e1n, de la localidad de Bat\u00e1n, en la que se celebr\u00f3 el 60 aniversario de su fundaci\u00f3n. Corr\u00eda el a\u00f1o 1963 cuando el entonces obispo de Mar del Plata, monse\u00f1or Enrique Rau, encomend\u00f3 al padre Enrique Budrewicz la atenci\u00f3n pastoral de [&hellip;]<\/p>\n","protected":false},"author":4,"featured_media":0,"comment_status":"open","ping_status":"open","sticky":false,"template":"","format":"standard","meta":{"_et_pb_use_builder":"","_et_pb_old_content":"","_et_gb_content_width":""},"categories":[4],"tags":[],"aioseo_notices":[],"_links":{"self":[{"href":"https:\/\/www.obispado-mdp.org.ar\/a\/wp-json\/wp\/v2\/posts\/44819"}],"collection":[{"href":"https:\/\/www.obispado-mdp.org.ar\/a\/wp-json\/wp\/v2\/posts"}],"about":[{"href":"https:\/\/www.obispado-mdp.org.ar\/a\/wp-json\/wp\/v2\/types\/post"}],"author":[{"embeddable":true,"href":"https:\/\/www.obispado-mdp.org.ar\/a\/wp-json\/wp\/v2\/users\/4"}],"replies":[{"embeddable":true,"href":"https:\/\/www.obispado-mdp.org.ar\/a\/wp-json\/wp\/v2\/comments?post=44819"}],"version-history":[{"count":1,"href":"https:\/\/www.obispado-mdp.org.ar\/a\/wp-json\/wp\/v2\/posts\/44819\/revisions"}],"predecessor-version":[{"id":44827,"href":"https:\/\/www.obispado-mdp.org.ar\/a\/wp-json\/wp\/v2\/posts\/44819\/revisions\/44827"}],"wp:attachment":[{"href":"https:\/\/www.obispado-mdp.org.ar\/a\/wp-json\/wp\/v2\/media?parent=44819"}],"wp:term":[{"taxonomy":"category","embeddable":true,"href":"https:\/\/www.obispado-mdp.org.ar\/a\/wp-json\/wp\/v2\/categories?post=44819"},{"taxonomy":"post_tag","embeddable":true,"href":"https:\/\/www.obispado-mdp.org.ar\/a\/wp-json\/wp\/v2\/tags?post=44819"}],"curies":[{"name":"wp","href":"https:\/\/api.w.org\/{rel}","templated":true}]}}