{"id":44843,"date":"2024-11-23T10:04:14","date_gmt":"2024-11-23T13:04:14","guid":{"rendered":"https:\/\/www.obispado-mdp.org.ar\/a\/?p=44843"},"modified":"2024-11-23T10:15:09","modified_gmt":"2024-11-23T13:15:09","slug":"santa-cecilia-monsenor-giobando-pidio-seguir-construyendo-una-ciudad-en-la-que-brillen-los-valores-del-evangelio","status":"publish","type":"post","link":"https:\/\/www.obispado-mdp.org.ar\/a\/santa-cecilia-monsenor-giobando-pidio-seguir-construyendo-una-ciudad-en-la-que-brillen-los-valores-del-evangelio\/","title":{"rendered":"Santa Cecilia: Monse\u00f1or Giobando pidi\u00f3 \u00abseguir construyendo una ciudad en la que brillen los valores del evangelio\u00bb"},"content":{"rendered":"\n<p>El administrador apost\u00f3lico de Mar del Plata, monse\u00f1or Ernesto Giobando, presidi\u00f3 este viernes 22 en la Iglesia Catedral, una solemne Misa en honor a Santa Cecilia, patrona de la ciudad y la di\u00f3cesis de Mar del Plata.<\/p>\n\n\n\n<p>Ante una catedral colmada de fieles, y con la presencia del intendente Guillermo Montenegro, entre otras autoridades, el Obispo comenz\u00f3 haciendo una rese\u00f1a de la vida de la m\u00e1rtir Santa Cecilia, detallando que \u201cviv\u00eda en el Trastevere, en aquella Roma pagana donde los cristianos profesaban su fe a riesgo de perder sus vidas.\u201d<\/p>\n\n\n\n<p>\u201cCecilia era una joven virgen que estaba comprometida con su novio Valerius, y antes de vivir juntos ella le pide que se bautice. \u00c9l lo hace por amor a su novia y al enterarse las autoridades romanas, ambos sufren el martirio\u201d, relat\u00f3 monse\u00f1or Giobando y agreg\u00f3 \u201cla virginidad de Cecilia no es un trofeo para su novio Valerius, sino un \u00e1nfora donde ella resguarda su integridad y el amor m\u00e1s puro que puede ofrecer. Cecilia amaba a Jes\u00fas como su Esposo, y en ese amor puro y virginal quer\u00eda amar a los dem\u00e1s.\u201d<\/p>\n\n\n\n<p>\u201cEl una sociedad fr\u00edvola donde la mujer es usada como un objeto, Cecilia y tantas v\u00edrgenes nos muestran que hay otro camino, que no todo es como parece o como lo quieran imponer, que m\u00e1s all\u00e1 de los modelos de turno hay un grupo de v\u00edrgenes con sus l\u00e1mparas encendidas\u201d, destac\u00f3 el prelado.<\/p>\n\n\n\n<p>Recordando la historia de nuestra ciudad y su v\u00ednculo con Santa Cecilia, asever\u00f3 que \u201cla Capilla de Santa Cecilia es el primer punto desde donde se proyecta esta ciudad, y es tambi\u00e9n punto de referencia para nuestra vida de fe, como lo es nuestra Catedral.\u201d<\/p>\n\n\n\n<p>Al concluir sostuvo que \u201caquellos primeros fundadores nos animan a seguir construyendo una ciudad donde brillen los valores del Evangelio: que nadie quede descartado al borde del camino, que en ninguna mesa falte el pan de cada d\u00eda, y que crezcan los v\u00ednculos de respeto, paz y prosperidad para todos y como este mar inmenso,que ba\u00f1a nuestras costas, nos animemos a navegar mar adentro y echar las redes.\u201d<\/p>\n\n\n\n<p>Antes de terminar la celebraci\u00f3n, el Administrador Apost\u00f3lico bendijo una imagen y una reliquia de la primera santa argentina, Santa Mama Antula, que luego fueron entronizadas en uno de los muros de la Catedral.<\/p>\n\n\n\n<figure class=\"wp-block-image size-large\"><img loading=\"lazy\" width=\"1024\" height=\"768\" src=\"https:\/\/www.obispado-mdp.org.ar\/a\/wp-content\/uploads\/2024\/11\/WhatsApp-Image-2024-11-22-at-10.15.02-PM-1-1024x768.jpeg\" alt=\"\" class=\"wp-image-44851\"\/><\/figure>\n\n\n\n<figure class=\"wp-block-image size-large\"><img loading=\"lazy\" width=\"1024\" height=\"768\" src=\"https:\/\/www.obispado-mdp.org.ar\/a\/wp-content\/uploads\/2024\/11\/WhatsApp-Image-2024-11-22-at-10.15.04-PM-1-1024x768.jpeg\" alt=\"\" class=\"wp-image-44845\"\/><\/figure>\n\n\n\n<figure class=\"wp-block-image size-large\"><img loading=\"lazy\" width=\"1024\" height=\"768\" src=\"https:\/\/www.obispado-mdp.org.ar\/a\/wp-content\/uploads\/2024\/11\/WhatsApp-Image-2024-11-22-at-10.15.02-PM-1024x768.jpeg\" alt=\"\" class=\"wp-image-44846\"\/><\/figure>\n\n\n\n<figure class=\"wp-block-image size-large is-resized\"><img loading=\"lazy\" src=\"https:\/\/www.obispado-mdp.org.ar\/a\/wp-content\/uploads\/2024\/11\/WhatsApp-Image-2024-11-22-at-10.14.56-PM-1024x768.jpeg\" alt=\"\" class=\"wp-image-44847\" width=\"821\" height=\"615\"\/><\/figure>\n\n\n\n<figure class=\"wp-block-image size-large is-resized\"><img loading=\"lazy\" src=\"https:\/\/www.obispado-mdp.org.ar\/a\/wp-content\/uploads\/2024\/11\/WhatsApp-Image-2024-11-23-at-9.07.05-AM-682x1024.jpeg\" alt=\"\" class=\"wp-image-44848\" width=\"822\" height=\"1234\"\/><\/figure>\n\n\n\n<figure class=\"wp-block-image size-large\"><img loading=\"lazy\" width=\"1024\" height=\"682\" src=\"https:\/\/www.obispado-mdp.org.ar\/a\/wp-content\/uploads\/2024\/11\/WhatsApp-Image-2024-11-23-at-9.07.06-AM-1024x682.jpeg\" alt=\"\" class=\"wp-image-44849\"\/><\/figure>\n\n\n\n<figure class=\"wp-block-image size-large\"><img loading=\"lazy\" width=\"1024\" height=\"768\" src=\"https:\/\/www.obispado-mdp.org.ar\/a\/wp-content\/uploads\/2024\/11\/WhatsApp-Image-2024-11-22-at-10.15.04-PM-1024x768.jpeg\" alt=\"\" class=\"wp-image-44850\"\/><\/figure>\n\n\n\n<p>Homil\u00eda Completa: <a href=\"https:\/\/drive.google.com\/file\/d\/19lXoQdWGd1CCLkvyoaHt_THBY7WHtoMW\/view?usp=drive_link\" title=\"Homil\u00eda Completa en: \">https:\/\/drive.google.com\/file\/d\/19lXoQdWGd1CCLkvyoaHt_THBY7WHtoMW\/view?usp=drive_link<\/a><\/p>\n\n\n","protected":false},"excerpt":{"rendered":"<p>El administrador apost\u00f3lico de Mar del Plata, monse\u00f1or Ernesto Giobando, presidi\u00f3 este viernes 22 en la Iglesia Catedral, una solemne Misa en honor a Santa Cecilia, patrona de la ciudad y la di\u00f3cesis de Mar del Plata. Ante una catedral colmada de fieles, y con la presencia del intendente Guillermo Montenegro, entre otras autoridades, el [&hellip;]<\/p>\n","protected":false},"author":4,"featured_media":0,"comment_status":"open","ping_status":"open","sticky":false,"template":"","format":"standard","meta":{"_et_pb_use_builder":"","_et_pb_old_content":"","_et_gb_content_width":""},"categories":[4],"tags":[],"aioseo_notices":[],"_links":{"self":[{"href":"https:\/\/www.obispado-mdp.org.ar\/a\/wp-json\/wp\/v2\/posts\/44843"}],"collection":[{"href":"https:\/\/www.obispado-mdp.org.ar\/a\/wp-json\/wp\/v2\/posts"}],"about":[{"href":"https:\/\/www.obispado-mdp.org.ar\/a\/wp-json\/wp\/v2\/types\/post"}],"author":[{"embeddable":true,"href":"https:\/\/www.obispado-mdp.org.ar\/a\/wp-json\/wp\/v2\/users\/4"}],"replies":[{"embeddable":true,"href":"https:\/\/www.obispado-mdp.org.ar\/a\/wp-json\/wp\/v2\/comments?post=44843"}],"version-history":[{"count":5,"href":"https:\/\/www.obispado-mdp.org.ar\/a\/wp-json\/wp\/v2\/posts\/44843\/revisions"}],"predecessor-version":[{"id":44859,"href":"https:\/\/www.obispado-mdp.org.ar\/a\/wp-json\/wp\/v2\/posts\/44843\/revisions\/44859"}],"wp:attachment":[{"href":"https:\/\/www.obispado-mdp.org.ar\/a\/wp-json\/wp\/v2\/media?parent=44843"}],"wp:term":[{"taxonomy":"category","embeddable":true,"href":"https:\/\/www.obispado-mdp.org.ar\/a\/wp-json\/wp\/v2\/categories?post=44843"},{"taxonomy":"post_tag","embeddable":true,"href":"https:\/\/www.obispado-mdp.org.ar\/a\/wp-json\/wp\/v2\/tags?post=44843"}],"curies":[{"name":"wp","href":"https:\/\/api.w.org\/{rel}","templated":true}]}}