{"id":44869,"date":"2024-11-25T21:34:53","date_gmt":"2024-11-26T00:34:53","guid":{"rendered":"https:\/\/www.obispado-mdp.org.ar\/a\/?p=44869"},"modified":"2024-11-25T21:34:54","modified_gmt":"2024-11-26T00:34:54","slug":"fiestas-patronales-de-cristo-rey","status":"publish","type":"post","link":"https:\/\/www.obispado-mdp.org.ar\/a\/fiestas-patronales-de-cristo-rey\/","title":{"rendered":"Fiestas Patronales de Cristo Rey"},"content":{"rendered":"\n<p>En la ma\u00f1ana del domingo 24 de noviembre, solemnidad de Cristo Rey, la comunidad parroquial celebr\u00f3 su fiesta patronal. El templo, colmado de fieles, recibi\u00f3 a miembros de las distintas capillas y de la sede.<\/p>\n\n\n\n<p>La Santa Misa fue presidida por monse\u00f1or Ernesto Giobando sj. y en ella fueron confirmados ni\u00f1os y adultos de la parroquia, a la vez que algunos recibieron el sacramento de la Comuni\u00f3n. Tambi\u00e9n fue instituido un nuevo ministro de la comuni\u00f3n.<\/p>\n\n\n\n<p>En su homil\u00eda el Administrador Apost\u00f3lico destac\u00f3 la soberan\u00eda de Cristo sobre todas las cosas, y c\u00f3mo su reinado, que no es de este mundo, est\u00e1 marcado por su misericordia.<\/p>\n\n\n\n<p>Despu\u00e9s de celebrar la Eucarist\u00eda la comunidad comparti\u00f3 en el predio parroquial el almuerzo y una tarde de encuentro fraterno.<\/p>\n\n\n\n<figure class=\"wp-block-image size-large\"><img loading=\"lazy\" width=\"1024\" height=\"771\" src=\"https:\/\/www.obispado-mdp.org.ar\/a\/wp-content\/uploads\/2024\/11\/WhatsApp-Image-2024-11-25-at-10.05.26-AM-1024x771.jpeg\" alt=\"\" class=\"wp-image-44870\"\/><\/figure>\n\n\n\n<figure class=\"wp-block-image size-large\"><img loading=\"lazy\" width=\"1024\" height=\"461\" src=\"https:\/\/www.obispado-mdp.org.ar\/a\/wp-content\/uploads\/2024\/11\/WhatsApp-Image-2024-11-25-at-10.05.28-AM-1024x461.jpeg\" alt=\"\" class=\"wp-image-44871\"\/><\/figure>\n\n\n\n<figure class=\"wp-block-image size-large\"><img loading=\"lazy\" width=\"1024\" height=\"768\" src=\"https:\/\/www.obispado-mdp.org.ar\/a\/wp-content\/uploads\/2024\/11\/WhatsApp-Image-2024-11-25-at-10.05.29-AM-1024x768.jpeg\" alt=\"\" class=\"wp-image-44872\"\/><\/figure>\n\n\n\n<figure class=\"wp-block-image size-large\"><img loading=\"lazy\" width=\"1024\" height=\"768\" src=\"https:\/\/www.obispado-mdp.org.ar\/a\/wp-content\/uploads\/2024\/11\/WhatsApp-Image-2024-11-25-at-10.05.29-AM-2-1024x768.jpeg\" alt=\"\" class=\"wp-image-44873\"\/><\/figure>\n\n\n\n<figure class=\"wp-block-image size-large\"><img loading=\"lazy\" width=\"1024\" height=\"768\" src=\"https:\/\/www.obispado-mdp.org.ar\/a\/wp-content\/uploads\/2024\/11\/WhatsApp-Image-2024-11-25-at-10.05.29-AM-1-1024x768.jpeg\" alt=\"\" class=\"wp-image-44874\"\/><\/figure>\n","protected":false},"excerpt":{"rendered":"<p>En la ma\u00f1ana del domingo 24 de noviembre, solemnidad de Cristo Rey, la comunidad parroquial celebr\u00f3 su fiesta patronal. El templo, colmado de fieles, recibi\u00f3 a miembros de las distintas capillas y de la sede. La Santa Misa fue presidida por monse\u00f1or Ernesto Giobando sj. y en ella fueron confirmados ni\u00f1os y adultos de la [&hellip;]<\/p>\n","protected":false},"author":4,"featured_media":0,"comment_status":"open","ping_status":"open","sticky":false,"template":"","format":"standard","meta":{"_et_pb_use_builder":"","_et_pb_old_content":"","_et_gb_content_width":""},"categories":[4],"tags":[],"aioseo_notices":[],"_links":{"self":[{"href":"https:\/\/www.obispado-mdp.org.ar\/a\/wp-json\/wp\/v2\/posts\/44869"}],"collection":[{"href":"https:\/\/www.obispado-mdp.org.ar\/a\/wp-json\/wp\/v2\/posts"}],"about":[{"href":"https:\/\/www.obispado-mdp.org.ar\/a\/wp-json\/wp\/v2\/types\/post"}],"author":[{"embeddable":true,"href":"https:\/\/www.obispado-mdp.org.ar\/a\/wp-json\/wp\/v2\/users\/4"}],"replies":[{"embeddable":true,"href":"https:\/\/www.obispado-mdp.org.ar\/a\/wp-json\/wp\/v2\/comments?post=44869"}],"version-history":[{"count":1,"href":"https:\/\/www.obispado-mdp.org.ar\/a\/wp-json\/wp\/v2\/posts\/44869\/revisions"}],"predecessor-version":[{"id":44875,"href":"https:\/\/www.obispado-mdp.org.ar\/a\/wp-json\/wp\/v2\/posts\/44869\/revisions\/44875"}],"wp:attachment":[{"href":"https:\/\/www.obispado-mdp.org.ar\/a\/wp-json\/wp\/v2\/media?parent=44869"}],"wp:term":[{"taxonomy":"category","embeddable":true,"href":"https:\/\/www.obispado-mdp.org.ar\/a\/wp-json\/wp\/v2\/categories?post=44869"},{"taxonomy":"post_tag","embeddable":true,"href":"https:\/\/www.obispado-mdp.org.ar\/a\/wp-json\/wp\/v2\/tags?post=44869"}],"curies":[{"name":"wp","href":"https:\/\/api.w.org\/{rel}","templated":true}]}}