{"id":44877,"date":"2024-11-28T20:58:36","date_gmt":"2024-11-28T23:58:36","guid":{"rendered":"https:\/\/www.obispado-mdp.org.ar\/a\/?p=44877"},"modified":"2024-11-28T20:59:38","modified_gmt":"2024-11-28T23:59:38","slug":"fiestas-patonales-en-honor-a-maria-de-la-medalla-milagrosa-de-mar-del-plata","status":"publish","type":"post","link":"https:\/\/www.obispado-mdp.org.ar\/a\/fiestas-patonales-en-honor-a-maria-de-la-medalla-milagrosa-de-mar-del-plata\/","title":{"rendered":"Fiestas Patronales en honor a Mar\u00eda de la Medalla Milagrosa de Mar del Plata"},"content":{"rendered":"\n<p>Con presencia de un gran n\u00famero de fieles de la propia parroquia y de distintas comunidades de la di\u00f3cesis, el mi\u00e9rcoles 27 de noviembre la Parroquia Medalla Milagrosa de Mar del Plata celebr\u00f3 sus fiestas patronales.<\/p>\n\n\n\n<p>Nuestro administrador apost\u00f3lico, monse\u00f1or Ernesto Giobando sj., presidi\u00f3 la Procesi\u00f3n y Santa Misa, que fue concelebrada por el cura p\u00e1rroco, presb\u00edtero Gast\u00f3n Buono y sacerdotes invitados.<\/p>\n\n\n\n<p>Al finalizar la celebraci\u00f3n lit\u00fargica tuvo lugar la actuaci\u00f3n de la Banda del GADA 601, que coron\u00f3 con alegr\u00eda los festejos en honor de la Sant\u00edsima Virgen.<\/p>\n\n\n\n<figure class=\"wp-block-image size-large\"><img loading=\"lazy\" width=\"1024\" height=\"768\" src=\"https:\/\/www.obispado-mdp.org.ar\/a\/wp-content\/uploads\/2024\/11\/Para-nombramientos-WEB-2-1024x768.png\" alt=\"\" class=\"wp-image-44878\"\/><\/figure>\n\n\n\n<figure class=\"wp-block-image size-large is-resized\"><img loading=\"lazy\" src=\"https:\/\/www.obispado-mdp.org.ar\/a\/wp-content\/uploads\/2024\/11\/WhatsApp-Image-2024-11-28-at-8.31.00-AM-768x1024.jpeg\" alt=\"\" class=\"wp-image-44879\" width=\"819\" height=\"1092\"\/><\/figure>\n\n\n\n<figure class=\"wp-block-image size-large is-resized\"><img loading=\"lazy\" src=\"https:\/\/www.obispado-mdp.org.ar\/a\/wp-content\/uploads\/2024\/11\/WhatsApp-Image-2024-11-28-at-8.30.57-AM-1-768x1024.jpeg\" alt=\"\" class=\"wp-image-44880\" width=\"818\" height=\"1091\"\/><\/figure>\n\n\n\n<figure class=\"wp-block-image size-large is-resized\"><img loading=\"lazy\" src=\"https:\/\/www.obispado-mdp.org.ar\/a\/wp-content\/uploads\/2024\/11\/WhatsApp-Image-2024-11-28-at-8.30.56-AM-768x1024.jpeg\" alt=\"\" class=\"wp-image-44881\" width=\"819\" height=\"1092\"\/><\/figure>\n","protected":false},"excerpt":{"rendered":"<p>Con presencia de un gran n\u00famero de fieles de la propia parroquia y de distintas comunidades de la di\u00f3cesis, el mi\u00e9rcoles 27 de noviembre la Parroquia Medalla Milagrosa de Mar del Plata celebr\u00f3 sus fiestas patronales. Nuestro administrador apost\u00f3lico, monse\u00f1or Ernesto Giobando sj., presidi\u00f3 la Procesi\u00f3n y Santa Misa, que fue concelebrada por el cura [&hellip;]<\/p>\n","protected":false},"author":4,"featured_media":0,"comment_status":"open","ping_status":"open","sticky":false,"template":"","format":"standard","meta":{"_et_pb_use_builder":"","_et_pb_old_content":"","_et_gb_content_width":""},"categories":[4],"tags":[],"aioseo_notices":[],"_links":{"self":[{"href":"https:\/\/www.obispado-mdp.org.ar\/a\/wp-json\/wp\/v2\/posts\/44877"}],"collection":[{"href":"https:\/\/www.obispado-mdp.org.ar\/a\/wp-json\/wp\/v2\/posts"}],"about":[{"href":"https:\/\/www.obispado-mdp.org.ar\/a\/wp-json\/wp\/v2\/types\/post"}],"author":[{"embeddable":true,"href":"https:\/\/www.obispado-mdp.org.ar\/a\/wp-json\/wp\/v2\/users\/4"}],"replies":[{"embeddable":true,"href":"https:\/\/www.obispado-mdp.org.ar\/a\/wp-json\/wp\/v2\/comments?post=44877"}],"version-history":[{"count":2,"href":"https:\/\/www.obispado-mdp.org.ar\/a\/wp-json\/wp\/v2\/posts\/44877\/revisions"}],"predecessor-version":[{"id":44883,"href":"https:\/\/www.obispado-mdp.org.ar\/a\/wp-json\/wp\/v2\/posts\/44877\/revisions\/44883"}],"wp:attachment":[{"href":"https:\/\/www.obispado-mdp.org.ar\/a\/wp-json\/wp\/v2\/media?parent=44877"}],"wp:term":[{"taxonomy":"category","embeddable":true,"href":"https:\/\/www.obispado-mdp.org.ar\/a\/wp-json\/wp\/v2\/categories?post=44877"},{"taxonomy":"post_tag","embeddable":true,"href":"https:\/\/www.obispado-mdp.org.ar\/a\/wp-json\/wp\/v2\/tags?post=44877"}],"curies":[{"name":"wp","href":"https:\/\/api.w.org\/{rel}","templated":true}]}}