{"id":44931,"date":"2024-12-08T15:42:18","date_gmt":"2024-12-08T18:42:18","guid":{"rendered":"https:\/\/www.obispado-mdp.org.ar\/a\/?p=44931"},"modified":"2024-12-08T15:42:19","modified_gmt":"2024-12-08T18:42:19","slug":"asume-este-lunes-el-nuevo-parroco-de-la-iglesia-catedral","status":"publish","type":"post","link":"https:\/\/www.obispado-mdp.org.ar\/a\/asume-este-lunes-el-nuevo-parroco-de-la-iglesia-catedral\/","title":{"rendered":"Asume este lunes el nuevo p\u00e1rroco de la Iglesia Catedral"},"content":{"rendered":"\n<p>En una Misa que presidir\u00e1 el administrador apost\u00f3lico, monse\u00f1or Ernesto Giobando, el padre Ezequiel Kseim asumir\u00e1 su nuevo oficio pastoral como P\u00e1rroco en la Bas\u00edlica de los Santos Pedro y Cecilia, catedral de la di\u00f3cesis de Mar del Plata. La misma ser\u00e1 este lunes 9 de diciembre a las 19 horas.<\/p>\n\n\n\n<p>El presb\u00edtero Ezequiel Kseim, balcarce\u00f1o de 48 a\u00f1os, es licenciado en Derecho Can\u00f3nico y se desempe\u00f1a actualmente como canciller en el Obispado de Mar del Plata. Es adem\u00e1s miembro del Consejo Presbiteral, del Consejo de Asuntos Econ\u00f3micos y del Colegio de Consultores de la Di\u00f3cesis de Mar del Plata, y asesora el Secretariado para la Catequesis Renovada. En el \u00e1mbito judicial eclesial, es juez de Sentencia del Tribunal Interdiocesano \u201cC\u201d de La Plata y defensor del v\u00ednculo y promotor de justicia del Tribunal Diocesano de Mar del Plata.<\/p>\n\n\n\n<p>En el \u00e1mbito docente, es profesor titular de la C\u00e1tedra de Derecho Can\u00f3nico en la Carrera de Profesorado de Teolog\u00eda en la Escuela Universitaria de Teolog\u00eda y profesor titular de la C\u00e1tedra de Animaci\u00f3n y Coordinaci\u00f3n Pastoral en la Carrera de Profesorado de Teolog\u00eda en la Escuela Universitaria de Teolog\u00eda.<\/p>\n\n\n\n<p>Previamente, fue vicario parroquial en la Iglesia Catedral de Mar del Plata del 2004 al 2006, p\u00e1rroco de San Benedetto M\u00e1rtir de Mar del Plata entre 2006 y 2011, p\u00e1rroco de la Medalla Milagrosa entre 2012 y 2018, y desde 2018 hasta ahora, P\u00e1rroco de Jes\u00fas Obrero. Tambi\u00e9n desempe\u00f1\u00f3 diversos oficios entre los que se destacan la direcci\u00f3n de la Escuela de Diaconado Permanente de la Di\u00f3cesis de Mar del Plata, y la asesor\u00eda de la Acci\u00f3n Cat\u00f3lica Argentina y de la Co.Pas.Ca. (Pastoral Scout).<\/p>\n\n\n\n<figure class=\"wp-block-image size-large\"><img loading=\"lazy\" width=\"768\" height=\"1024\" src=\"https:\/\/www.obispado-mdp.org.ar\/a\/wp-content\/uploads\/2024\/12\/WhatsApp-Image-2024-12-08-at-1.45.33-PM-768x1024.jpeg\" alt=\"\" class=\"wp-image-44932\"\/><\/figure>\n","protected":false},"excerpt":{"rendered":"<p>En una Misa que presidir\u00e1 el administrador apost\u00f3lico, monse\u00f1or Ernesto Giobando, el padre Ezequiel Kseim asumir\u00e1 su nuevo oficio pastoral como P\u00e1rroco en la Bas\u00edlica de los Santos Pedro y Cecilia, catedral de la di\u00f3cesis de Mar del Plata. La misma ser\u00e1 este lunes 9 de diciembre a las 19 horas. El presb\u00edtero Ezequiel Kseim, [&hellip;]<\/p>\n","protected":false},"author":4,"featured_media":0,"comment_status":"open","ping_status":"open","sticky":false,"template":"","format":"standard","meta":{"_et_pb_use_builder":"","_et_pb_old_content":"","_et_gb_content_width":""},"categories":[4],"tags":[],"aioseo_notices":[],"_links":{"self":[{"href":"https:\/\/www.obispado-mdp.org.ar\/a\/wp-json\/wp\/v2\/posts\/44931"}],"collection":[{"href":"https:\/\/www.obispado-mdp.org.ar\/a\/wp-json\/wp\/v2\/posts"}],"about":[{"href":"https:\/\/www.obispado-mdp.org.ar\/a\/wp-json\/wp\/v2\/types\/post"}],"author":[{"embeddable":true,"href":"https:\/\/www.obispado-mdp.org.ar\/a\/wp-json\/wp\/v2\/users\/4"}],"replies":[{"embeddable":true,"href":"https:\/\/www.obispado-mdp.org.ar\/a\/wp-json\/wp\/v2\/comments?post=44931"}],"version-history":[{"count":1,"href":"https:\/\/www.obispado-mdp.org.ar\/a\/wp-json\/wp\/v2\/posts\/44931\/revisions"}],"predecessor-version":[{"id":44933,"href":"https:\/\/www.obispado-mdp.org.ar\/a\/wp-json\/wp\/v2\/posts\/44931\/revisions\/44933"}],"wp:attachment":[{"href":"https:\/\/www.obispado-mdp.org.ar\/a\/wp-json\/wp\/v2\/media?parent=44931"}],"wp:term":[{"taxonomy":"category","embeddable":true,"href":"https:\/\/www.obispado-mdp.org.ar\/a\/wp-json\/wp\/v2\/categories?post=44931"},{"taxonomy":"post_tag","embeddable":true,"href":"https:\/\/www.obispado-mdp.org.ar\/a\/wp-json\/wp\/v2\/tags?post=44931"}],"curies":[{"name":"wp","href":"https:\/\/api.w.org\/{rel}","templated":true}]}}