{"id":44940,"date":"2024-12-10T10:30:02","date_gmt":"2024-12-10T13:30:02","guid":{"rendered":"https:\/\/www.obispado-mdp.org.ar\/a\/?p=44940"},"modified":"2024-12-10T10:30:03","modified_gmt":"2024-12-10T13:30:03","slug":"inspirados-por-pironio-sacerdotes-y-diaconos-compartieron-la-jornada-de-espiritualidad-de-adviento","status":"publish","type":"post","link":"https:\/\/www.obispado-mdp.org.ar\/a\/inspirados-por-pironio-sacerdotes-y-diaconos-compartieron-la-jornada-de-espiritualidad-de-adviento\/","title":{"rendered":"<strong>Inspirados por Pironio, sacerdotes y di\u00e1conos compartieron la Jornada de Espiritualidad de Adviento<\/strong>"},"content":{"rendered":"\n<p>Como cada a\u00f1o el clero de la di\u00f3cesis particip\u00f3 de un momento de reflexi\u00f3n y oraci\u00f3n en la Casa de Ejercicios San Francisco y Santa Clara, en el Bosque Peralta Ramos. En esta oportunidad, el padre Pablo Etchepareborda comparti\u00f3 distintos textos que reflejaron el pensamiento del beato Eduardo Francisco Pironio sobre la virtud de la esperanza.<\/p>\n\n\n\n<p>Inspirados por el pensamiento y la espiritualidad del segundo obispo de Mar del Plata, monse\u00f1or Ernesto Giobando, los sacerdotes y los di\u00e1conos de la di\u00f3cesis pudieron compartir tambi\u00e9n momentos de oraci\u00f3n, destac\u00e1ndose la Adoraci\u00f3n Eucar\u00edstica y la celebraci\u00f3n de la Santa Misa, en la que el padre Pablo Bosisio pronunci\u00f3 la homil\u00eda. El encuentro concluy\u00f3 con un almuerzo fraterno.<\/p>\n\n\n\n<figure class=\"wp-block-image size-large\"><img loading=\"lazy\" width=\"1024\" height=\"768\" src=\"https:\/\/www.obispado-mdp.org.ar\/a\/wp-content\/uploads\/2024\/12\/WhatsApp-Image-2024-12-10-at-12.05.29-AM-1024x768.jpeg\" alt=\"\" class=\"wp-image-44942\"\/><\/figure>\n\n\n\n<figure class=\"wp-block-image size-large\"><img loading=\"lazy\" width=\"1024\" height=\"768\" src=\"https:\/\/www.obispado-mdp.org.ar\/a\/wp-content\/uploads\/2024\/12\/WhatsApp-Image-2024-12-10-at-12.05.30-AM-1024x768.jpeg\" alt=\"\" class=\"wp-image-44941\"\/><\/figure>\n","protected":false},"excerpt":{"rendered":"<p>Como cada a\u00f1o el clero de la di\u00f3cesis particip\u00f3 de un momento de reflexi\u00f3n y oraci\u00f3n en la Casa de Ejercicios San Francisco y Santa Clara, en el Bosque Peralta Ramos. En esta oportunidad, el padre Pablo Etchepareborda comparti\u00f3 distintos textos que reflejaron el pensamiento del beato Eduardo Francisco Pironio sobre la virtud de la [&hellip;]<\/p>\n","protected":false},"author":4,"featured_media":0,"comment_status":"open","ping_status":"open","sticky":false,"template":"","format":"standard","meta":{"_et_pb_use_builder":"","_et_pb_old_content":"","_et_gb_content_width":""},"categories":[4],"tags":[],"aioseo_notices":[],"_links":{"self":[{"href":"https:\/\/www.obispado-mdp.org.ar\/a\/wp-json\/wp\/v2\/posts\/44940"}],"collection":[{"href":"https:\/\/www.obispado-mdp.org.ar\/a\/wp-json\/wp\/v2\/posts"}],"about":[{"href":"https:\/\/www.obispado-mdp.org.ar\/a\/wp-json\/wp\/v2\/types\/post"}],"author":[{"embeddable":true,"href":"https:\/\/www.obispado-mdp.org.ar\/a\/wp-json\/wp\/v2\/users\/4"}],"replies":[{"embeddable":true,"href":"https:\/\/www.obispado-mdp.org.ar\/a\/wp-json\/wp\/v2\/comments?post=44940"}],"version-history":[{"count":1,"href":"https:\/\/www.obispado-mdp.org.ar\/a\/wp-json\/wp\/v2\/posts\/44940\/revisions"}],"predecessor-version":[{"id":44943,"href":"https:\/\/www.obispado-mdp.org.ar\/a\/wp-json\/wp\/v2\/posts\/44940\/revisions\/44943"}],"wp:attachment":[{"href":"https:\/\/www.obispado-mdp.org.ar\/a\/wp-json\/wp\/v2\/media?parent=44940"}],"wp:term":[{"taxonomy":"category","embeddable":true,"href":"https:\/\/www.obispado-mdp.org.ar\/a\/wp-json\/wp\/v2\/categories?post=44940"},{"taxonomy":"post_tag","embeddable":true,"href":"https:\/\/www.obispado-mdp.org.ar\/a\/wp-json\/wp\/v2\/tags?post=44940"}],"curies":[{"name":"wp","href":"https:\/\/api.w.org\/{rel}","templated":true}]}}