{"id":44944,"date":"2024-12-11T19:34:12","date_gmt":"2024-12-11T22:34:12","guid":{"rendered":"https:\/\/www.obispado-mdp.org.ar\/a\/?p=44944"},"modified":"2024-12-11T19:34:39","modified_gmt":"2024-12-11T22:34:39","slug":"asumio-el-padre-ezequiel-kseim-en-la-parroquia-santa-cecilia","status":"publish","type":"post","link":"https:\/\/www.obispado-mdp.org.ar\/a\/asumio-el-padre-ezequiel-kseim-en-la-parroquia-santa-cecilia\/","title":{"rendered":"Asumi\u00f3 el padre Ezequiel Kseim en la Parroquia Santa Cecilia&nbsp;"},"content":{"rendered":"\n<p>Con una gran presencia de fieles de distintas comunidades, se celebr\u00f3 la Eucarist\u00eda en la que el presb\u00edtero Ezequiel Kseim asumi\u00f3 como p\u00e1rroco de la Parroquia Santa Cecilia, en la Bas\u00edlica De San Pedro y Santa Cecilia, Iglesia Catedral de Mar del Plata.&nbsp;<\/p>\n\n\n\n<p>Luego de la homilia, en la que el administrador apost\u00f3lico, monse\u00f1or Giobando, exhort\u00f3 al nuevo p\u00e1rroco a trabajar incansablemente para anunciar el Evangelio y hacer presente al Se\u00f1or a trav\u00e9s de los sacramentos y las obras de caridad, tuvo lugar la parte central del rito de toma de posesi\u00f3n en la que el padre Ezequiel renov\u00f3 las promesas de su ordenaci\u00f3n sacerdotal, e hizo la profesi\u00f3n de fe y los juramentos de rigor.&nbsp;<\/p>\n\n\n\n<p>Al finalizar la celebraci\u00f3n, el nuevo p\u00e1rroco dirigi\u00f3 unas palabras en las que afirm\u00f3 \u201cvamos a caminar juntos, en este tiempo desafiante de sinodalidad, escuchando la realidad, discerniendo en el Esp\u00edritu lo que Dios nos pide, tiempo de madura corresponsabilidad eclesial; y en esta geograf\u00eda del centro de la ciudad que nos reclama una creativa \u2018pastoral urbana\u2019 en todo nuestro radio parroquial.\u201d<\/p>\n\n\n\n<p>Tambi\u00e9n realiz\u00f3 diversos agradecimientos, en primer t\u00e9rmino a monse\u00f1or Giobando por la confianza depositada, a los sacerdotes por su apoyo y a las comunidades en las que previamente ejerci\u00f3 su ministerio, por acompa\u00f1ar y estar presentes en la celebraci\u00f3n.&nbsp;<\/p>\n\n\n\n<p>Finalmente agradeci\u00f3 a \u201cla familia de catedral en cada una de sus \u00e1reas dedicadas al servicio de la Liturgia, la Catequesis y la Caridad, por recibirme hoy a m\u00ed como p\u00e1rroco y en unos d\u00edas al padre Lucas como vicario\u201d y a los que fueron p\u00e1rrocos anteriormente, \u201cpor los consejos que me vinieron dando.\u201d<\/p>\n\n\n\n<figure class=\"wp-block-image size-large\"><img loading=\"lazy\" width=\"1024\" height=\"768\" src=\"https:\/\/www.obispado-mdp.org.ar\/a\/wp-content\/uploads\/2024\/12\/Para-nombramientos-WEB-1-1024x768.png\" alt=\"\" class=\"wp-image-44950\"\/><\/figure>\n\n\n\n<figure class=\"wp-block-image size-large is-resized\"><img loading=\"lazy\" src=\"https:\/\/www.obispado-mdp.org.ar\/a\/wp-content\/uploads\/2024\/12\/WhatsApp-Image-2024-12-11-at-10.39.40-AM-473x1024.jpeg\" alt=\"\" class=\"wp-image-44951\" width=\"822\" height=\"1780\"\/><\/figure>\n\n\n\n<figure class=\"wp-block-image size-large\"><img loading=\"lazy\" width=\"1024\" height=\"768\" src=\"https:\/\/www.obispado-mdp.org.ar\/a\/wp-content\/uploads\/2024\/12\/WhatsApp-Image-2024-12-10-at-8.59.10-AM-1024x768.jpeg\" alt=\"\" class=\"wp-image-44952\"\/><\/figure>\n\n\n\n<figure class=\"wp-block-image size-large is-resized\"><img loading=\"lazy\" src=\"https:\/\/www.obispado-mdp.org.ar\/a\/wp-content\/uploads\/2024\/12\/WhatsApp-Image-2024-12-11-at-10.07.29-AM-2-1-768x1024.jpeg\" alt=\"\" class=\"wp-image-44953\" width=\"818\" height=\"1091\"\/><\/figure>\n\n\n\n<figure class=\"wp-block-image size-large is-resized\"><img loading=\"lazy\" src=\"https:\/\/www.obispado-mdp.org.ar\/a\/wp-content\/uploads\/2024\/12\/WhatsApp-Image-2024-12-11-at-10.07.28-AM-768x1024.jpeg\" alt=\"\" class=\"wp-image-44955\" width=\"827\" height=\"1103\"\/><\/figure>\n","protected":false},"excerpt":{"rendered":"<p>Con una gran presencia de fieles de distintas comunidades, se celebr\u00f3 la Eucarist\u00eda en la que el presb\u00edtero Ezequiel Kseim asumi\u00f3 como p\u00e1rroco de la Parroquia Santa Cecilia, en la Bas\u00edlica De San Pedro y Santa Cecilia, Iglesia Catedral de Mar del Plata.&nbsp; Luego de la homilia, en la que el administrador apost\u00f3lico, monse\u00f1or Giobando, [&hellip;]<\/p>\n","protected":false},"author":4,"featured_media":0,"comment_status":"open","ping_status":"open","sticky":false,"template":"","format":"standard","meta":{"_et_pb_use_builder":"","_et_pb_old_content":"","_et_gb_content_width":""},"categories":[4],"tags":[],"aioseo_notices":[],"_links":{"self":[{"href":"https:\/\/www.obispado-mdp.org.ar\/a\/wp-json\/wp\/v2\/posts\/44944"}],"collection":[{"href":"https:\/\/www.obispado-mdp.org.ar\/a\/wp-json\/wp\/v2\/posts"}],"about":[{"href":"https:\/\/www.obispado-mdp.org.ar\/a\/wp-json\/wp\/v2\/types\/post"}],"author":[{"embeddable":true,"href":"https:\/\/www.obispado-mdp.org.ar\/a\/wp-json\/wp\/v2\/users\/4"}],"replies":[{"embeddable":true,"href":"https:\/\/www.obispado-mdp.org.ar\/a\/wp-json\/wp\/v2\/comments?post=44944"}],"version-history":[{"count":3,"href":"https:\/\/www.obispado-mdp.org.ar\/a\/wp-json\/wp\/v2\/posts\/44944\/revisions"}],"predecessor-version":[{"id":44957,"href":"https:\/\/www.obispado-mdp.org.ar\/a\/wp-json\/wp\/v2\/posts\/44944\/revisions\/44957"}],"wp:attachment":[{"href":"https:\/\/www.obispado-mdp.org.ar\/a\/wp-json\/wp\/v2\/media?parent=44944"}],"wp:term":[{"taxonomy":"category","embeddable":true,"href":"https:\/\/www.obispado-mdp.org.ar\/a\/wp-json\/wp\/v2\/categories?post=44944"},{"taxonomy":"post_tag","embeddable":true,"href":"https:\/\/www.obispado-mdp.org.ar\/a\/wp-json\/wp\/v2\/tags?post=44944"}],"curies":[{"name":"wp","href":"https:\/\/api.w.org\/{rel}","templated":true}]}}