{"id":44985,"date":"2024-12-13T20:15:54","date_gmt":"2024-12-13T23:15:54","guid":{"rendered":"https:\/\/www.obispado-mdp.org.ar\/a\/?p=44985"},"modified":"2024-12-13T20:21:06","modified_gmt":"2024-12-13T23:21:06","slug":"el-padre-ariel-sueiro-fue-designado-por-la-cea-secretario-ejecutivo-de-la-comision-episcopal-de-liturgia","status":"publish","type":"post","link":"https:\/\/www.obispado-mdp.org.ar\/a\/el-padre-ariel-sueiro-fue-designado-por-la-cea-secretario-ejecutivo-de-la-comision-episcopal-de-liturgia\/","title":{"rendered":"<strong>El padre Ariel Sueiro fue designado por la CEA Secretario Ejecutivo de la Comisi\u00f3n Episcopal de Liturgia&nbsp;<\/strong>"},"content":{"rendered":"\n<p>En su 198a. reuni\u00f3n, celebrada d\u00edas atr\u00e1s, la Comisi\u00f3n Permanente del Episcopado ha nombrado al Pbro. J. Ariel Sueiro, de nuestra di\u00f3cesis de Mar del Plata, como secretario ejecutivo de la Comisi\u00f3n Episcopal de Liturgia, que es presidida por Mons. Ariel Torrado Mosconi, Obispo de 9 de Julio.&nbsp;<\/p>\n\n\n\n<p>Este nuevo servicio, el padre Ariel colaborar\u00e1 en la promoci\u00f3n de la liturgia en la Iglesia en Argentina.<\/p>\n\n\n\n<figure class=\"wp-block-image size-large\"><img loading=\"lazy\" width=\"1024\" height=\"768\" src=\"https:\/\/www.obispado-mdp.org.ar\/a\/wp-content\/uploads\/2024\/12\/Para-nombramientos-WEB-1-1-1024x768.png\" alt=\"\" class=\"wp-image-44989\"\/><\/figure>\n\n\n\n<figure class=\"wp-block-image size-large\"><img loading=\"lazy\" width=\"819\" height=\"1024\" src=\"https:\/\/www.obispado-mdp.org.ar\/a\/wp-content\/uploads\/2024\/12\/WhatsApp-Image-2024-12-13-at-2.34.53-PM-819x1024.jpeg\" alt=\"\" class=\"wp-image-44986\"\/><\/figure>\n","protected":false},"excerpt":{"rendered":"<p>En su 198a. reuni\u00f3n, celebrada d\u00edas atr\u00e1s, la Comisi\u00f3n Permanente del Episcopado ha nombrado al Pbro. J. Ariel Sueiro, de nuestra di\u00f3cesis de Mar del Plata, como secretario ejecutivo de la Comisi\u00f3n Episcopal de Liturgia, que es presidida por Mons. Ariel Torrado Mosconi, Obispo de 9 de Julio.&nbsp; Este nuevo servicio, el padre Ariel colaborar\u00e1 [&hellip;]<\/p>\n","protected":false},"author":4,"featured_media":0,"comment_status":"open","ping_status":"open","sticky":false,"template":"","format":"standard","meta":{"_et_pb_use_builder":"","_et_pb_old_content":"","_et_gb_content_width":""},"categories":[4],"tags":[],"aioseo_notices":[],"_links":{"self":[{"href":"https:\/\/www.obispado-mdp.org.ar\/a\/wp-json\/wp\/v2\/posts\/44985"}],"collection":[{"href":"https:\/\/www.obispado-mdp.org.ar\/a\/wp-json\/wp\/v2\/posts"}],"about":[{"href":"https:\/\/www.obispado-mdp.org.ar\/a\/wp-json\/wp\/v2\/types\/post"}],"author":[{"embeddable":true,"href":"https:\/\/www.obispado-mdp.org.ar\/a\/wp-json\/wp\/v2\/users\/4"}],"replies":[{"embeddable":true,"href":"https:\/\/www.obispado-mdp.org.ar\/a\/wp-json\/wp\/v2\/comments?post=44985"}],"version-history":[{"count":2,"href":"https:\/\/www.obispado-mdp.org.ar\/a\/wp-json\/wp\/v2\/posts\/44985\/revisions"}],"predecessor-version":[{"id":44990,"href":"https:\/\/www.obispado-mdp.org.ar\/a\/wp-json\/wp\/v2\/posts\/44985\/revisions\/44990"}],"wp:attachment":[{"href":"https:\/\/www.obispado-mdp.org.ar\/a\/wp-json\/wp\/v2\/media?parent=44985"}],"wp:term":[{"taxonomy":"category","embeddable":true,"href":"https:\/\/www.obispado-mdp.org.ar\/a\/wp-json\/wp\/v2\/categories?post=44985"},{"taxonomy":"post_tag","embeddable":true,"href":"https:\/\/www.obispado-mdp.org.ar\/a\/wp-json\/wp\/v2\/tags?post=44985"}],"curies":[{"name":"wp","href":"https:\/\/api.w.org\/{rel}","templated":true}]}}