{"id":44991,"date":"2024-12-11T21:05:00","date_gmt":"2024-12-12T00:05:00","guid":{"rendered":"https:\/\/www.obispado-mdp.org.ar\/a\/?p=44991"},"modified":"2024-12-14T21:15:16","modified_gmt":"2024-12-15T00:15:16","slug":"la-eut-celebro-el-acto-de-colacion-y-cerro-el-ano-academico","status":"publish","type":"post","link":"https:\/\/www.obispado-mdp.org.ar\/a\/la-eut-celebro-el-acto-de-colacion-y-cerro-el-ano-academico\/","title":{"rendered":"<strong>La EUT celebr\u00f3 el acto de colaci\u00f3n y cerr\u00f3 el a\u00f1o acad\u00e9mico<\/strong>"},"content":{"rendered":"\n<p>El pasado mi\u00e9rcoles 11 de diciembre en nuestra Iglesia Catedral se llev\u00f3 a cabo la Misa de Clausura del a\u00f1o acad\u00e9mico de la Escuela Universitaria de Teolog\u00eda(EUT) y posteriormente el Acto de Colaci\u00f3n de Grados del ciclo 2024.<\/p>\n\n\n\n<p>La Misa, al igual que el acto posterior, estuvo presidida por nuestro administrador apost\u00f3lico, monse\u00f1or Ernesto Giobando sj, acompa\u00f1ado por sacerdotes del clero diocesano.&nbsp;<\/p>\n\n\n\n<p>Mons. Giobando en su homil\u00eda destac\u00f3 distintos conceptos de la vida universitaria enmarcados en las reflexiones del Papa Francisco sobre el tema.&nbsp;<\/p>\n\n\n\n<p>Por su parte, acompa\u00f1aron la conducci\u00f3n del Acto de Colaci\u00f3n el vicerrector a cargo del Rectorado de la EUT, Lic. Rub\u00e9n Primo Fern\u00e1ndez, la secretaria acad\u00e9mica, Prof. Marcela Galcer\u00e1n y miembros de los diversos claustros universitarios.<\/p>\n\n\n\n<p>Luego del juramento de rigor, recibieron su diploma los nuevos profesores y licenciados en Teolog\u00eda, los catequistas diocesanos egresados del curso de extensi\u00f3n universitaria \u00abSembrar\u00bb, los graduados de la Diplomatura en Sagrada Escritura con orientaci\u00f3n en Animaci\u00f3n B\u00edblica de la Pastoral, y los colegios episcopales y congregacionales cuyos equipos directivos realizaron este a\u00f1o el Seminario organizado conjuntamente con la Junta Regional de Educaci\u00f3n Cat\u00f3lica de Mar del Plata sobre la gesti\u00f3n de la escuela privada en tiempos de crisis.&nbsp;<\/p>\n\n\n\n<p>Un templo colmado de distintos miembros de la comunidad educativa y familiares y allegados de los egresados, complet\u00f3 el c\u00e1lido marco de la celebraci\u00f3n.<\/p>\n\n\n\n<figure class=\"wp-block-image size-large\"><img loading=\"lazy\" width=\"1024\" height=\"768\" src=\"https:\/\/www.obispado-mdp.org.ar\/a\/wp-content\/uploads\/2024\/12\/Para-nombramientos-WEB-2-1-1024x768.png\" alt=\"\" class=\"wp-image-44992\"\/><\/figure>\n\n\n\n<figure class=\"wp-block-image size-large\"><img loading=\"lazy\" width=\"1024\" height=\"768\" src=\"https:\/\/www.obispado-mdp.org.ar\/a\/wp-content\/uploads\/2024\/12\/WhatsApp-Image-2024-12-14-at-11.15.13-AM-1024x768.jpeg\" alt=\"\" class=\"wp-image-44993\"\/><\/figure>\n\n\n\n<figure class=\"wp-block-image size-large is-resized\"><img loading=\"lazy\" src=\"https:\/\/www.obispado-mdp.org.ar\/a\/wp-content\/uploads\/2024\/12\/WhatsApp-Image-2024-12-14-at-11.05.53-AM-638x1024.jpeg\" alt=\"\" class=\"wp-image-44995\" width=\"819\" height=\"1315\"\/><\/figure>\n\n\n\n<figure class=\"wp-block-image size-large\"><img loading=\"lazy\" width=\"1024\" height=\"630\" src=\"https:\/\/www.obispado-mdp.org.ar\/a\/wp-content\/uploads\/2024\/12\/WhatsApp-Image-2024-12-14-at-11.11.21-AM-1024x630.jpeg\" alt=\"\" class=\"wp-image-44994\"\/><\/figure>\n","protected":false},"excerpt":{"rendered":"<p>El pasado mi\u00e9rcoles 11 de diciembre en nuestra Iglesia Catedral se llev\u00f3 a cabo la Misa de Clausura del a\u00f1o acad\u00e9mico de la Escuela Universitaria de Teolog\u00eda(EUT) y posteriormente el Acto de Colaci\u00f3n de Grados del ciclo 2024. La Misa, al igual que el acto posterior, estuvo presidida por nuestro administrador apost\u00f3lico, monse\u00f1or Ernesto Giobando [&hellip;]<\/p>\n","protected":false},"author":4,"featured_media":0,"comment_status":"open","ping_status":"open","sticky":false,"template":"","format":"standard","meta":{"_et_pb_use_builder":"","_et_pb_old_content":"","_et_gb_content_width":""},"categories":[4],"tags":[],"aioseo_notices":[],"_links":{"self":[{"href":"https:\/\/www.obispado-mdp.org.ar\/a\/wp-json\/wp\/v2\/posts\/44991"}],"collection":[{"href":"https:\/\/www.obispado-mdp.org.ar\/a\/wp-json\/wp\/v2\/posts"}],"about":[{"href":"https:\/\/www.obispado-mdp.org.ar\/a\/wp-json\/wp\/v2\/types\/post"}],"author":[{"embeddable":true,"href":"https:\/\/www.obispado-mdp.org.ar\/a\/wp-json\/wp\/v2\/users\/4"}],"replies":[{"embeddable":true,"href":"https:\/\/www.obispado-mdp.org.ar\/a\/wp-json\/wp\/v2\/comments?post=44991"}],"version-history":[{"count":1,"href":"https:\/\/www.obispado-mdp.org.ar\/a\/wp-json\/wp\/v2\/posts\/44991\/revisions"}],"predecessor-version":[{"id":44996,"href":"https:\/\/www.obispado-mdp.org.ar\/a\/wp-json\/wp\/v2\/posts\/44991\/revisions\/44996"}],"wp:attachment":[{"href":"https:\/\/www.obispado-mdp.org.ar\/a\/wp-json\/wp\/v2\/media?parent=44991"}],"wp:term":[{"taxonomy":"category","embeddable":true,"href":"https:\/\/www.obispado-mdp.org.ar\/a\/wp-json\/wp\/v2\/categories?post=44991"},{"taxonomy":"post_tag","embeddable":true,"href":"https:\/\/www.obispado-mdp.org.ar\/a\/wp-json\/wp\/v2\/tags?post=44991"}],"curies":[{"name":"wp","href":"https:\/\/api.w.org\/{rel}","templated":true}]}}