{"id":45001,"date":"2024-12-14T16:32:00","date_gmt":"2024-12-14T19:32:00","guid":{"rendered":"https:\/\/www.obispado-mdp.org.ar\/a\/?p=45001"},"modified":"2024-12-16T16:37:32","modified_gmt":"2024-12-16T19:37:32","slug":"el-monasterio-de-las-carmelitas-descalzas-celebro-su-60-aniversario","status":"publish","type":"post","link":"https:\/\/www.obispado-mdp.org.ar\/a\/el-monasterio-de-las-carmelitas-descalzas-celebro-su-60-aniversario\/","title":{"rendered":"<strong>El monasterio de las Carmelitas Descalzas celebr\u00f3 su 60 aniversario<\/strong>"},"content":{"rendered":"\n<p>Con gran j\u00fabilo la comunidad del monasterio de Carmelitas Descalzas celebr\u00f3 el 60 aniversario de la fundaci\u00f3n del monasterio \u201cNuestra Se\u00f1ora del Monte Carmelo y San Jos\u00e9\u201d. La Eucarist\u00eda estuvo presidida por el administrador apost\u00f3lico y obispo electo de Mar del Plata, monse\u00f1or Ernesto Giobando sj, y concelebrada por varios sacerdotes.<\/p>\n\n\n\n<p>En 1964 las primeras monjas fundaron la comunidad en una casa provisoria, siendo en 1972 cuando se produjo el traslado a la casa donde hoy viven su vocaci\u00f3n contemplativa, irradiando a toda la di\u00f3cesis el perfume del carisma teresiano.<\/p>\n\n\n\n<figure class=\"wp-block-image size-large\"><img loading=\"lazy\" width=\"1024\" height=\"768\" src=\"https:\/\/www.obispado-mdp.org.ar\/a\/wp-content\/uploads\/2024\/12\/WhatsApp-Image-2024-12-16-at-3.37.09-PM-1024x768.jpeg\" alt=\"\" class=\"wp-image-45002\"\/><\/figure>\n","protected":false},"excerpt":{"rendered":"<p>Con gran j\u00fabilo la comunidad del monasterio de Carmelitas Descalzas celebr\u00f3 el 60 aniversario de la fundaci\u00f3n del monasterio \u201cNuestra Se\u00f1ora del Monte Carmelo y San Jos\u00e9\u201d. La Eucarist\u00eda estuvo presidida por el administrador apost\u00f3lico y obispo electo de Mar del Plata, monse\u00f1or Ernesto Giobando sj, y concelebrada por varios sacerdotes. En 1964 las primeras [&hellip;]<\/p>\n","protected":false},"author":4,"featured_media":0,"comment_status":"open","ping_status":"open","sticky":false,"template":"","format":"standard","meta":{"_et_pb_use_builder":"","_et_pb_old_content":"","_et_gb_content_width":""},"categories":[4],"tags":[],"aioseo_notices":[],"_links":{"self":[{"href":"https:\/\/www.obispado-mdp.org.ar\/a\/wp-json\/wp\/v2\/posts\/45001"}],"collection":[{"href":"https:\/\/www.obispado-mdp.org.ar\/a\/wp-json\/wp\/v2\/posts"}],"about":[{"href":"https:\/\/www.obispado-mdp.org.ar\/a\/wp-json\/wp\/v2\/types\/post"}],"author":[{"embeddable":true,"href":"https:\/\/www.obispado-mdp.org.ar\/a\/wp-json\/wp\/v2\/users\/4"}],"replies":[{"embeddable":true,"href":"https:\/\/www.obispado-mdp.org.ar\/a\/wp-json\/wp\/v2\/comments?post=45001"}],"version-history":[{"count":1,"href":"https:\/\/www.obispado-mdp.org.ar\/a\/wp-json\/wp\/v2\/posts\/45001\/revisions"}],"predecessor-version":[{"id":45003,"href":"https:\/\/www.obispado-mdp.org.ar\/a\/wp-json\/wp\/v2\/posts\/45001\/revisions\/45003"}],"wp:attachment":[{"href":"https:\/\/www.obispado-mdp.org.ar\/a\/wp-json\/wp\/v2\/media?parent=45001"}],"wp:term":[{"taxonomy":"category","embeddable":true,"href":"https:\/\/www.obispado-mdp.org.ar\/a\/wp-json\/wp\/v2\/categories?post=45001"},{"taxonomy":"post_tag","embeddable":true,"href":"https:\/\/www.obispado-mdp.org.ar\/a\/wp-json\/wp\/v2\/tags?post=45001"}],"curies":[{"name":"wp","href":"https:\/\/api.w.org\/{rel}","templated":true}]}}