{"id":45004,"date":"2024-12-15T16:35:00","date_gmt":"2024-12-15T19:35:00","guid":{"rendered":"https:\/\/www.obispado-mdp.org.ar\/a\/?p=45004"},"modified":"2024-12-16T16:37:54","modified_gmt":"2024-12-16T19:37:54","slug":"asumio-el-padre-hector-diaz-como-parroco-de-san-marcos","status":"publish","type":"post","link":"https:\/\/www.obispado-mdp.org.ar\/a\/asumio-el-padre-hector-diaz-como-parroco-de-san-marcos\/","title":{"rendered":"<strong>Asumi\u00f3 el padre H\u00e9ctor D\u00edaz como p\u00e1rroco de San Marcos<\/strong>"},"content":{"rendered":"\n<p>En una Misa presidida por nuestro administrador apost\u00f3lico y obispo electo, monse\u00f1or Ernesto Giobando sj, el presb\u00edtero H\u00e9ctor D\u00edaz inici\u00f3 su ministerio pastoral como p\u00e1rroco de San Marcos, de la ciudad de Mar del Plata. Varios sacerdotes concelebraron la Eucarist\u00eda, y gran n\u00famero de fieles colm\u00f3 la capacidad del templo. Se encontraban presentes miembros de las 8 comunidades que conforman la mencionada Parroquia, como as\u00ed tambi\u00e9n representantes de las pastorales que el padre \u201cChoby\u201d acompa\u00f1a como asesor, tales como la Noche de la Caridad y la Pastoral de Adicciones.<\/p>\n\n\n\n<p>Monse\u00f1or Giobando agradeci\u00f3 la disponibilidad del flamante p\u00e1rroco, y al referirse al tercer domingo de Adviento \u2013o domingo de Gaudete- que se celebraba ese d\u00eda, anim\u00f3 a la comunidad a vivir cotidianamente la alegr\u00eda y a mantener viva la esperanza.<\/p>\n\n\n\n<p>Luego de la homil\u00eda, como es habitual en las tomas de posesi\u00f3n de nuevos p\u00e1rrocos, el padre D\u00edaz realiz\u00f3 la profesi\u00f3n de fe, la renovaci\u00f3n de las promesas de la ordenaci\u00f3n y los juramentos de rigor.<\/p>\n\n\n\n<p>Antes de la bendici\u00f3n final, la se\u00f1ora Silvia Ontiveros, en representaci\u00f3n de la comunidad parroquial de San Marcos, brind\u00f3 sentidas palabras de bienvenida al nuevo p\u00e1rroco. Por su parte el padre D\u00edaz expres\u00f3 su agradecimiento por esta nueva misi\u00f3n y anim\u00f3 a los fieles a recorrer juntos el camino. Asimismo expres\u00f3 su deseo de ser \u201cun vecino m\u00e1s, buscando ser hermano de todos, y siendo juntos peregrinos de esperanza en este tiempo de Jubileo que vamos a comenzar.\u201d<\/p>\n\n\n\n<p><\/p>\n\n\n\n<figure class=\"wp-block-image size-large\"><img loading=\"lazy\" width=\"1024\" height=\"768\" src=\"https:\/\/www.obispado-mdp.org.ar\/a\/wp-content\/uploads\/2024\/12\/WhatsApp-Image-2024-12-15-at-6.13.05-PM-1024x768.jpeg\" alt=\"\" class=\"wp-image-45005\"\/><\/figure>\n\n\n\n<figure class=\"wp-block-image size-large\"><img loading=\"lazy\" width=\"1024\" height=\"768\" src=\"https:\/\/www.obispado-mdp.org.ar\/a\/wp-content\/uploads\/2024\/12\/WhatsApp-Image-2024-12-15-at-6.15.17-PM-1024x768.jpeg\" alt=\"\" class=\"wp-image-45006\"\/><\/figure>\n\n\n\n<figure class=\"wp-block-image size-large\"><img loading=\"lazy\" width=\"1024\" height=\"768\" src=\"https:\/\/www.obispado-mdp.org.ar\/a\/wp-content\/uploads\/2024\/12\/WhatsApp-Image-2024-12-15-at-6.12.56-PM-1024x768.jpeg\" alt=\"\" class=\"wp-image-45007\"\/><\/figure>\n\n\n\n<figure class=\"wp-block-image size-large\"><img loading=\"lazy\" width=\"1024\" height=\"768\" src=\"https:\/\/www.obispado-mdp.org.ar\/a\/wp-content\/uploads\/2024\/12\/WhatsApp-Image-2024-12-15-at-6.13.58-PM-1024x768.jpeg\" alt=\"\" class=\"wp-image-45008\"\/><\/figure>\n\n\n\n<figure class=\"wp-block-image\"><img alt=\"\"\/><\/figure>\n","protected":false},"excerpt":{"rendered":"<p>En una Misa presidida por nuestro administrador apost\u00f3lico y obispo electo, monse\u00f1or Ernesto Giobando sj, el presb\u00edtero H\u00e9ctor D\u00edaz inici\u00f3 su ministerio pastoral como p\u00e1rroco de San Marcos, de la ciudad de Mar del Plata. Varios sacerdotes concelebraron la Eucarist\u00eda, y gran n\u00famero de fieles colm\u00f3 la capacidad del templo. Se encontraban presentes miembros de [&hellip;]<\/p>\n","protected":false},"author":4,"featured_media":0,"comment_status":"open","ping_status":"open","sticky":false,"template":"","format":"standard","meta":{"_et_pb_use_builder":"","_et_pb_old_content":"","_et_gb_content_width":""},"categories":[4],"tags":[],"aioseo_notices":[],"_links":{"self":[{"href":"https:\/\/www.obispado-mdp.org.ar\/a\/wp-json\/wp\/v2\/posts\/45004"}],"collection":[{"href":"https:\/\/www.obispado-mdp.org.ar\/a\/wp-json\/wp\/v2\/posts"}],"about":[{"href":"https:\/\/www.obispado-mdp.org.ar\/a\/wp-json\/wp\/v2\/types\/post"}],"author":[{"embeddable":true,"href":"https:\/\/www.obispado-mdp.org.ar\/a\/wp-json\/wp\/v2\/users\/4"}],"replies":[{"embeddable":true,"href":"https:\/\/www.obispado-mdp.org.ar\/a\/wp-json\/wp\/v2\/comments?post=45004"}],"version-history":[{"count":2,"href":"https:\/\/www.obispado-mdp.org.ar\/a\/wp-json\/wp\/v2\/posts\/45004\/revisions"}],"predecessor-version":[{"id":45011,"href":"https:\/\/www.obispado-mdp.org.ar\/a\/wp-json\/wp\/v2\/posts\/45004\/revisions\/45011"}],"wp:attachment":[{"href":"https:\/\/www.obispado-mdp.org.ar\/a\/wp-json\/wp\/v2\/media?parent=45004"}],"wp:term":[{"taxonomy":"category","embeddable":true,"href":"https:\/\/www.obispado-mdp.org.ar\/a\/wp-json\/wp\/v2\/categories?post=45004"},{"taxonomy":"post_tag","embeddable":true,"href":"https:\/\/www.obispado-mdp.org.ar\/a\/wp-json\/wp\/v2\/tags?post=45004"}],"curies":[{"name":"wp","href":"https:\/\/api.w.org\/{rel}","templated":true}]}}