{"id":45020,"date":"2024-12-19T18:32:09","date_gmt":"2024-12-19T21:32:09","guid":{"rendered":"https:\/\/www.obispado-mdp.org.ar\/a\/?p=45020"},"modified":"2024-12-19T18:32:11","modified_gmt":"2024-12-19T21:32:11","slug":"mons-giobando-predico-el-retiro-de-adviento-en-necochea","status":"publish","type":"post","link":"https:\/\/www.obispado-mdp.org.ar\/a\/mons-giobando-predico-el-retiro-de-adviento-en-necochea\/","title":{"rendered":"<strong>Mons. Giobando predic\u00f3 el retiro de Adviento en Necochea<\/strong>"},"content":{"rendered":"\n<p>\u201cPeregrinos de esperanza\u201d fue el t\u00edtulo del retiro que el administrador apost\u00f3lico, monse\u00f1or Ernesto Giobando sj, predic\u00f3 este mi\u00e9rcoles 18 en la Parroquia Santa Mar\u00eda del Carmen. Asistieron los p\u00e1rrocos de esa zona y fieles de todas las comunidades.<\/p>\n\n\n\n<p><br>La visita de monse\u00f1or Giobando a Necochea para encontrarse con los fieles del Decanato IV, la primera desde su designaci\u00f3n como Obispo Diocesano, comenz\u00f3 con la celebraci\u00f3n de la Santa Misa y sigui\u00f3 con la adoraci\u00f3n eucar\u00edstica. Mientras, los sacerdotes presentes se encontraban a disposici\u00f3n para celebrar el sacramento de la Reconciliaci\u00f3n.<\/p>\n\n\n\n<p><br>En su meditaci\u00f3n el Obispo invit\u00f3 a \u201carmar el pesebre desde la propia realidad\u201d y afirm\u00f3 que \u201cuna Navidad sin fe puede ser una linda reuni\u00f3n familiar, pero una Navidad con fe es poner al ni\u00f1o Jes\u00fas en el centro de esa familia y de cada coraz\u00f3n.\u201d<\/p>\n\n\n\n<p><\/p>\n\n\n\n<figure class=\"wp-block-image size-large\"><img loading=\"lazy\" width=\"1024\" height=\"768\" src=\"https:\/\/www.obispado-mdp.org.ar\/a\/wp-content\/uploads\/2024\/12\/Para-nombramientos-WEB-3-1-1024x768.png\" alt=\"\" class=\"wp-image-45022\"\/><\/figure>\n\n\n\n<figure class=\"wp-block-image size-large\"><img loading=\"lazy\" width=\"907\" height=\"1024\" src=\"https:\/\/www.obispado-mdp.org.ar\/a\/wp-content\/uploads\/2024\/12\/WhatsApp-Image-2024-12-19-at-12.27.33-PM-907x1024.jpeg\" alt=\"\" class=\"wp-image-45023\"\/><\/figure>\n\n\n\n<figure class=\"wp-block-image size-large\"><img loading=\"lazy\" width=\"1024\" height=\"768\" src=\"https:\/\/www.obispado-mdp.org.ar\/a\/wp-content\/uploads\/2024\/12\/470566730_609626854925253_8101491824179503161_n-1024x768.jpg\" alt=\"\" class=\"wp-image-45024\"\/><\/figure>\n","protected":false},"excerpt":{"rendered":"<p>\u201cPeregrinos de esperanza\u201d fue el t\u00edtulo del retiro que el administrador apost\u00f3lico, monse\u00f1or Ernesto Giobando sj, predic\u00f3 este mi\u00e9rcoles 18 en la Parroquia Santa Mar\u00eda del Carmen. Asistieron los p\u00e1rrocos de esa zona y fieles de todas las comunidades. La visita de monse\u00f1or Giobando a Necochea para encontrarse con los fieles del Decanato IV, la [&hellip;]<\/p>\n","protected":false},"author":4,"featured_media":0,"comment_status":"open","ping_status":"open","sticky":false,"template":"","format":"standard","meta":{"_et_pb_use_builder":"","_et_pb_old_content":"","_et_gb_content_width":""},"categories":[4],"tags":[],"aioseo_notices":[],"_links":{"self":[{"href":"https:\/\/www.obispado-mdp.org.ar\/a\/wp-json\/wp\/v2\/posts\/45020"}],"collection":[{"href":"https:\/\/www.obispado-mdp.org.ar\/a\/wp-json\/wp\/v2\/posts"}],"about":[{"href":"https:\/\/www.obispado-mdp.org.ar\/a\/wp-json\/wp\/v2\/types\/post"}],"author":[{"embeddable":true,"href":"https:\/\/www.obispado-mdp.org.ar\/a\/wp-json\/wp\/v2\/users\/4"}],"replies":[{"embeddable":true,"href":"https:\/\/www.obispado-mdp.org.ar\/a\/wp-json\/wp\/v2\/comments?post=45020"}],"version-history":[{"count":2,"href":"https:\/\/www.obispado-mdp.org.ar\/a\/wp-json\/wp\/v2\/posts\/45020\/revisions"}],"predecessor-version":[{"id":45027,"href":"https:\/\/www.obispado-mdp.org.ar\/a\/wp-json\/wp\/v2\/posts\/45020\/revisions\/45027"}],"wp:attachment":[{"href":"https:\/\/www.obispado-mdp.org.ar\/a\/wp-json\/wp\/v2\/media?parent=45020"}],"wp:term":[{"taxonomy":"category","embeddable":true,"href":"https:\/\/www.obispado-mdp.org.ar\/a\/wp-json\/wp\/v2\/categories?post=45020"},{"taxonomy":"post_tag","embeddable":true,"href":"https:\/\/www.obispado-mdp.org.ar\/a\/wp-json\/wp\/v2\/tags?post=45020"}],"curies":[{"name":"wp","href":"https:\/\/api.w.org\/{rel}","templated":true}]}}