{"id":45101,"date":"2024-12-20T20:38:34","date_gmt":"2024-12-20T23:38:34","guid":{"rendered":"https:\/\/www.obispado-mdp.org.ar\/a\/?p=45101"},"modified":"2024-12-20T20:38:36","modified_gmt":"2024-12-20T23:38:36","slug":"se-celebro-la-misa-de-fin-de-ciclo-lectivo-de-la-jurec-junto-a-escuelas-de-la-diocesis","status":"publish","type":"post","link":"https:\/\/www.obispado-mdp.org.ar\/a\/se-celebro-la-misa-de-fin-de-ciclo-lectivo-de-la-jurec-junto-a-escuelas-de-la-diocesis\/","title":{"rendered":"<strong>Se celebr\u00f3 la Misa de fin de ciclo lectivo de la JuREC junto a escuelas de la di\u00f3cesis<\/strong>"},"content":{"rendered":"\n<p>Miembros de comunidades educativas de la Di\u00f3cesis celebraron este jueves 19 la Misa de fin de ciclo lectivo. Esta tradicional celebraci\u00f3n tuvo lugar este a\u00f1o en la Parroquia Nuestra Se\u00f1ora del Rosario de Pompeya, de Mar del Plata, y estuvo presidida por nuestro administrador apost\u00f3lico, monse\u00f1or Ernesto Giobando sj. Concelebraron el delegado episcopal de Educaci\u00f3n, presb\u00edtero Juan Cruz Mennilli,el asesor del \u00c1rea de Pastoral de JuREC, presb\u00edtero Gonzalo Domench y el vicario parroquial de Nuestra Se\u00f1ora de Pompeya, fray Golak OFM Cap. Se encontraban presentes autoridades de la Junta Regional de Educaci\u00f3n Cat\u00f3lica (JuREC) encabezadas por su presidente, Javier S\u00e1nchez y por la vicedelegada episcopal de Educaci\u00f3n, Silvina Zahaid; la inspectora jefe regional de DiEGeP, Carolina Di Alessio y representantes del SADOP, entre otras autoridades.&nbsp;<\/p>\n\n\n\n<p>Monse\u00f1or Giobando invit\u00f3 en la homil\u00eda a educar en clave de esperanza, en el marco del pr\u00f3ximo A\u00f1o Jubilar, y anim\u00f3 a los docentes y a todos los presentes a renovarse en las virtudes en esta Navidad, para poder dar testimonio de Cristo en el mundo por la fe, la esperanza y la caridad.&nbsp;<\/p>\n\n\n\n<figure class=\"wp-block-image size-large\"><img loading=\"lazy\" width=\"1024\" height=\"768\" src=\"https:\/\/www.obispado-mdp.org.ar\/a\/wp-content\/uploads\/2024\/12\/WhatsApp-Image-2024-12-20-at-6.28.21-AM-1024x768.jpeg\" alt=\"\" class=\"wp-image-45102\"\/><\/figure>\n\n\n\n<figure class=\"wp-block-image size-large\"><img loading=\"lazy\" width=\"1024\" height=\"768\" src=\"https:\/\/www.obispado-mdp.org.ar\/a\/wp-content\/uploads\/2024\/12\/WhatsApp-Image-2024-12-20-at-6.28.22-AM-1-1024x768.jpeg\" alt=\"\" class=\"wp-image-45104\"\/><\/figure>\n\n\n\n<figure class=\"wp-block-image size-large\"><img loading=\"lazy\" width=\"1024\" height=\"684\" src=\"https:\/\/www.obispado-mdp.org.ar\/a\/wp-content\/uploads\/2024\/12\/WhatsApp-Image-2024-12-20-at-6.28.21-AM-1-1024x684.jpeg\" alt=\"\" class=\"wp-image-45105\"\/><\/figure>\n\n\n\n<figure class=\"wp-block-image size-large\"><img loading=\"lazy\" width=\"1024\" height=\"792\" src=\"https:\/\/www.obispado-mdp.org.ar\/a\/wp-content\/uploads\/2024\/12\/WhatsApp-Image-2024-12-20-at-6.28.19-AM-1-1024x792.jpeg\" alt=\"\" class=\"wp-image-45106\"\/><\/figure>\n\n\n\n<figure class=\"wp-block-image size-large\"><img loading=\"lazy\" width=\"1024\" height=\"1003\" src=\"https:\/\/www.obispado-mdp.org.ar\/a\/wp-content\/uploads\/2024\/12\/WhatsApp-Image-2024-12-20-at-6.28.19-AM-1024x1003.jpeg\" alt=\"\" class=\"wp-image-45107\"\/><\/figure>\n\n\n\n<figure class=\"wp-block-image size-large\"><img loading=\"lazy\" width=\"768\" height=\"1024\" src=\"https:\/\/www.obispado-mdp.org.ar\/a\/wp-content\/uploads\/2024\/12\/WhatsApp-Image-2024-12-20-at-6.28.20-AM-1-768x1024.jpeg\" alt=\"\" class=\"wp-image-45108\"\/><\/figure>\n","protected":false},"excerpt":{"rendered":"<p>Miembros de comunidades educativas de la Di\u00f3cesis celebraron este jueves 19 la Misa de fin de ciclo lectivo. Esta tradicional celebraci\u00f3n tuvo lugar este a\u00f1o en la Parroquia Nuestra Se\u00f1ora del Rosario de Pompeya, de Mar del Plata, y estuvo presidida por nuestro administrador apost\u00f3lico, monse\u00f1or Ernesto Giobando sj. Concelebraron el delegado episcopal de Educaci\u00f3n, [&hellip;]<\/p>\n","protected":false},"author":4,"featured_media":0,"comment_status":"open","ping_status":"open","sticky":false,"template":"","format":"standard","meta":{"_et_pb_use_builder":"","_et_pb_old_content":"","_et_gb_content_width":""},"categories":[4],"tags":[],"aioseo_notices":[],"_links":{"self":[{"href":"https:\/\/www.obispado-mdp.org.ar\/a\/wp-json\/wp\/v2\/posts\/45101"}],"collection":[{"href":"https:\/\/www.obispado-mdp.org.ar\/a\/wp-json\/wp\/v2\/posts"}],"about":[{"href":"https:\/\/www.obispado-mdp.org.ar\/a\/wp-json\/wp\/v2\/types\/post"}],"author":[{"embeddable":true,"href":"https:\/\/www.obispado-mdp.org.ar\/a\/wp-json\/wp\/v2\/users\/4"}],"replies":[{"embeddable":true,"href":"https:\/\/www.obispado-mdp.org.ar\/a\/wp-json\/wp\/v2\/comments?post=45101"}],"version-history":[{"count":1,"href":"https:\/\/www.obispado-mdp.org.ar\/a\/wp-json\/wp\/v2\/posts\/45101\/revisions"}],"predecessor-version":[{"id":45109,"href":"https:\/\/www.obispado-mdp.org.ar\/a\/wp-json\/wp\/v2\/posts\/45101\/revisions\/45109"}],"wp:attachment":[{"href":"https:\/\/www.obispado-mdp.org.ar\/a\/wp-json\/wp\/v2\/media?parent=45101"}],"wp:term":[{"taxonomy":"category","embeddable":true,"href":"https:\/\/www.obispado-mdp.org.ar\/a\/wp-json\/wp\/v2\/categories?post=45101"},{"taxonomy":"post_tag","embeddable":true,"href":"https:\/\/www.obispado-mdp.org.ar\/a\/wp-json\/wp\/v2\/tags?post=45101"}],"curies":[{"name":"wp","href":"https:\/\/api.w.org\/{rel}","templated":true}]}}