{"id":45110,"date":"2024-12-23T09:51:17","date_gmt":"2024-12-23T12:51:17","guid":{"rendered":"https:\/\/www.obispado-mdp.org.ar\/a\/?p=45110"},"modified":"2024-12-23T09:51:29","modified_gmt":"2024-12-23T12:51:29","slug":"en-la-parroquia-padre-pio-padre-juan-pablo-arrachea-asumio-por-primera-vez-como-parroco","status":"publish","type":"post","link":"https:\/\/www.obispado-mdp.org.ar\/a\/en-la-parroquia-padre-pio-padre-juan-pablo-arrachea-asumio-por-primera-vez-como-parroco\/","title":{"rendered":"En la Parroquia Padre Pio, padre Juan Pablo Arrachea asumi\u00f3 por primera vez como p\u00e1rroco"},"content":{"rendered":"\n<p>Una gran alegr\u00eda se sent\u00eda este viernes 21 por la tarde en el templo Parroquial de la Parroquia San P\u00edo de Pietrelcina: el sacerdote Juan Pablo Arrachea asum\u00eda como p\u00e1rroco y era la primera vez que tomaba esta responsabilidad, ya que previamente hab\u00eda sido vicario parroquial en la Iglesia Catedral.<\/p>\n\n\n\n<p>Fieles de las muchas y diversas comunidades que integran la Parroquia, ubicada al sur de la ciudad de Mar del Plata -desde la zona del Faro hasta el l\u00edmite con el Partido de Gral. Alvarado- colmaron el templo parroquial junto a miembros de otras comunidades y pastorales que el padre Juan Pablo acompa\u00f1a pastoralmente.<\/p>\n\n\n\n<p>Monse\u00f1or Giobando comenz\u00f3 comentando el Evangelio en el contexto del tiempo de Adviento y explic\u00f3 que \u201cJes\u00fas se despoj\u00f3 de todo, y cuando Pablo dice que el Hijo de Dios se humill\u00f3, no es una humillaci\u00f3n negativa, sino que est\u00e1 unida a la salvaci\u00f3n y a la resurrecci\u00f3n.\u201d \u201cUno en la vida recibe tambi\u00e9n humillaciones pero se levanta gracias a la exaltaci\u00f3n del poder de la resurrecci\u00f3n. Jes\u00fas desde el pesebre y su vida entre los trabajadores nos muestra el camino\u201d, afirm\u00f3.<\/p>\n\n\n\n<p>Seguidamente agreg\u00f3 que \u201ccuando un p\u00e1rroco asume tambi\u00e9n se hace carne, se hace uno con la comunidad.\u201d \u201cPidamos la gracia de que Juan Pablo se encarne en esta parroquia, que abrace, que siga a cada uno y que no pierda el rastro de nadie como el buen pastor que va a buscar la oveja y la carga en sus hombros\u201d, exhort\u00f3.<\/p>\n\n\n\n<p>Por su parte, en su primer mensaje a la comunidad el padre Arrachea enumer\u00f3 varios \u201cMagnificat\u201d con los que manifest\u00f3 su alegr\u00eda y afirm\u00f3 estar \u201cfeliz por esta nueva tarea que la Iglesia y monse\u00f1or Ernesto en su nombre me conf\u00eda, ya que siempre en la voz de los obispos he confirmado mi ministerio y el llamado del Se\u00f1or.\u201d<\/p>\n\n\n\n<p>\u201cSer sacerdote no es un m\u00e9rito personal, sino un don inmerecido de Dios. Y ser, desde ahora su p\u00e1rroco es un llamado a estar al servicio de ustedes, a caminar juntos en la fe, especialmente en esta zona tan hermosa que nos invita a contemplar la grandeza del Creador en la inmensidad del mar, sus costas y la profundidad de sus tierras\u201d, asever\u00f3, y anim\u00f3 a formar \u201cuna comunidad viva, abierta y acogedora, donde todos se sientan amados y escuchados.\u201d<\/p>\n\n\n\n<figure class=\"wp-block-image size-large\"><img loading=\"lazy\" width=\"1024\" height=\"768\" src=\"https:\/\/www.obispado-mdp.org.ar\/a\/wp-content\/uploads\/2024\/12\/WhatsApp-Image-2024-12-20-at-9.14.54-PM-1024x768.jpeg\" alt=\"\" class=\"wp-image-45111\"\/><\/figure>\n\n\n\n<figure class=\"wp-block-image size-large\"><img loading=\"lazy\" width=\"1024\" height=\"768\" src=\"https:\/\/www.obispado-mdp.org.ar\/a\/wp-content\/uploads\/2024\/12\/WhatsApp-Image-2024-12-20-at-9.17.47-PM-1024x768.jpeg\" alt=\"\" class=\"wp-image-45112\"\/><\/figure>\n\n\n\n<figure class=\"wp-block-image size-large\"><img loading=\"lazy\" width=\"1024\" height=\"768\" src=\"https:\/\/www.obispado-mdp.org.ar\/a\/wp-content\/uploads\/2024\/12\/WhatsApp-Image-2024-12-20-at-9.13.34-PM-1024x768.jpeg\" alt=\"\" class=\"wp-image-45113\"\/><\/figure>\n\n\n\n<figure class=\"wp-block-image size-large\"><img loading=\"lazy\" width=\"1024\" height=\"768\" src=\"https:\/\/www.obispado-mdp.org.ar\/a\/wp-content\/uploads\/2024\/12\/WhatsApp-Image-2024-12-20-at-9.14.34-PM-1024x768.jpeg\" alt=\"\" class=\"wp-image-45114\"\/><\/figure>\n\n\n\n<figure class=\"wp-block-image size-large\"><img loading=\"lazy\" width=\"1024\" height=\"768\" src=\"https:\/\/www.obispado-mdp.org.ar\/a\/wp-content\/uploads\/2024\/12\/WhatsApp-Image-2024-12-20-at-9.18.14-PM-1024x768.jpeg\" alt=\"\" class=\"wp-image-45115\"\/><\/figure>\n","protected":false},"excerpt":{"rendered":"<p>Una gran alegr\u00eda se sent\u00eda este viernes 21 por la tarde en el templo Parroquial de la Parroquia San P\u00edo de Pietrelcina: el sacerdote Juan Pablo Arrachea asum\u00eda como p\u00e1rroco y era la primera vez que tomaba esta responsabilidad, ya que previamente hab\u00eda sido vicario parroquial en la Iglesia Catedral. Fieles de las muchas y [&hellip;]<\/p>\n","protected":false},"author":4,"featured_media":0,"comment_status":"open","ping_status":"open","sticky":false,"template":"","format":"standard","meta":{"_et_pb_use_builder":"","_et_pb_old_content":"","_et_gb_content_width":""},"categories":[4],"tags":[],"aioseo_notices":[],"_links":{"self":[{"href":"https:\/\/www.obispado-mdp.org.ar\/a\/wp-json\/wp\/v2\/posts\/45110"}],"collection":[{"href":"https:\/\/www.obispado-mdp.org.ar\/a\/wp-json\/wp\/v2\/posts"}],"about":[{"href":"https:\/\/www.obispado-mdp.org.ar\/a\/wp-json\/wp\/v2\/types\/post"}],"author":[{"embeddable":true,"href":"https:\/\/www.obispado-mdp.org.ar\/a\/wp-json\/wp\/v2\/users\/4"}],"replies":[{"embeddable":true,"href":"https:\/\/www.obispado-mdp.org.ar\/a\/wp-json\/wp\/v2\/comments?post=45110"}],"version-history":[{"count":2,"href":"https:\/\/www.obispado-mdp.org.ar\/a\/wp-json\/wp\/v2\/posts\/45110\/revisions"}],"predecessor-version":[{"id":45139,"href":"https:\/\/www.obispado-mdp.org.ar\/a\/wp-json\/wp\/v2\/posts\/45110\/revisions\/45139"}],"wp:attachment":[{"href":"https:\/\/www.obispado-mdp.org.ar\/a\/wp-json\/wp\/v2\/media?parent=45110"}],"wp:term":[{"taxonomy":"category","embeddable":true,"href":"https:\/\/www.obispado-mdp.org.ar\/a\/wp-json\/wp\/v2\/categories?post=45110"},{"taxonomy":"post_tag","embeddable":true,"href":"https:\/\/www.obispado-mdp.org.ar\/a\/wp-json\/wp\/v2\/tags?post=45110"}],"curies":[{"name":"wp","href":"https:\/\/api.w.org\/{rel}","templated":true}]}}