{"id":45161,"date":"2024-12-25T22:04:35","date_gmt":"2024-12-26T01:04:35","guid":{"rendered":"https:\/\/www.obispado-mdp.org.ar\/a\/?p=45161"},"modified":"2024-12-25T22:04:36","modified_gmt":"2024-12-26T01:04:36","slug":"mons-giobando-en-navidad-nadie-puede-quedar-afuera","status":"publish","type":"post","link":"https:\/\/www.obispado-mdp.org.ar\/a\/mons-giobando-en-navidad-nadie-puede-quedar-afuera\/","title":{"rendered":"Mons. Giobando en Navidad: \u201cNadie puede quedar afuera\u201d"},"content":{"rendered":"\n<p>Distintas celebraciones y actividades se llevaron a cabo estos d\u00edas para celebrar el nacimiento de Jes\u00fas: Misas en las Unidades Penales de Bat\u00e1n, mesas fraternas para los m\u00e1s necesitados, pesebres vivientes y solemnes celebraciones en la Catedral y los distintos templos de la ciudad. La Misa central de la Iglesia Catedral estuvo presidida por el administrador apost\u00f3lico y obispo electo, monse\u00f1or Ernesto Giobando, quien anim\u00f3 a recuperar el sentido profundo de la Navidad: \u201cmuchos regalos, mucha luz, en algunos casos mucha comida, pero esa es toda la Navidad. \u00bfHay lugar para Jes\u00fas en nuestras vidas?\u201d, se pregunt\u00f3.<\/p>\n\n\n\n<p>El prelado evoc\u00f3 en su homil\u00eda la misi\u00f3n de los primeros jesuitas que misionaron estas tierras. \u201cLos padres Strobel, Falkner, \u00bfc\u00f3mo se habr\u00e1n arreglado con los pueblos que viv\u00edan aqu\u00ed y que no conoc\u00edan nada? \u00bfQu\u00e9 le habr\u00e1n dicho estos primeros evangelizadores: \u2018miren aqu\u00ed est\u00e1 el ni\u00f1o Dios que es el Salvador\u2019? Desde esa primera evangelizaci\u00f3n han pasado algunos siglos, y hoy Mar del Plata tiene 150 a\u00f1os. Podemos decir que hace 150 a\u00f1os que se celebra Navidad. Y lo que s\u00ed puedo descubrir como alguien que viene de afuera es la profunda religiosidad que hay en estas tierras\u201d, afirm\u00f3.<\/p>\n\n\n\n<p>\u201cEstos d\u00edas pasados tuve que predicar tres veces con las lecturas de hoy porque celebramos la Navidad en los tres penales que hay en Bat\u00e1n, y tuve que hablarles a nuestros hermanos y hermanas que est\u00e1n all\u00ed, y les comentaba esta primera imagen del profeta de Isa\u00edas. Porque el yugo que pesaba sobre \u00e9l, la barra sobre su espalda y el palo de su carcelero, todo eso los ha destrozado el Se\u00f1or\u201d, relat\u00f3.<\/p>\n\n\n\n<p>Tambi\u00e9n el Administrador Apost\u00f3lico coment\u00f3 algunos pasajes de la homil\u00eda de la Misa en la que el papa Francisco inaugur\u00f3 el Jubileo, y explic\u00f3 \u201cel Santo Padre pide que no nos quedemos tan tranquilos en Navidad.\u201d \u201cEvidentemente que ahora vamos a ir a cenar y vamos a compartir. Incluso la cena es parte de este misterio de la Navidad porque Bel\u00e9n es casa del pan. Pero el pan de vida es quien se hace carne. Y para dejar este mundo nos deja su cuerpo y su sangre, no quiso dejarnos sin su carne\u201d, explic\u00f3 y prosigui\u00f3 \u201cel Papa nos dice que ojal\u00e1 nos inquietemos un poquito en esta Navidad: que nos inquietemos por los que est\u00e1n sufriendo much\u00edsimo en este mundo, por los millones destruidos, por los m\u00e1s pobres; que nos inquietemos por los jubilados que, como dec\u00eda el Cardenal Rossi en C\u00f3rdoba, tienen que elegir entre llegar a fin de mes o comprar la medicina.\u201d<\/p>\n\n\n\n<p>Y agreg\u00f3 \u201ctambi\u00e9n en esta noche de paz, noche de amor, a veces \u2013dicho en porte\u00f1o-, se nos pianta un lagrim\u00f3n. \u00bfQui\u00e9n de nosotros no recuerda a sus seres queridos, a los que han partido hace poco o hace much\u00edsimos a\u00f1os? La Navidad en mi familia era gracias a mis abuelos. Cuando mis abuelos partieron, o mis padres partieron, cada uno comenz\u00f3 a celebrar en su propia familia. La Navidad es familia. Navidad es esto, queridos hermanos. Por eso, en esta Nochebuena no nos quedemos quietos. No durmamos nuestra conciencia hoy con tantas cosas que en cierto modo nos alienan. Aprovechemos el celular mandemos mensajitos, no dejemos a nadie afuera porque en esta barca que es la Iglesia nos salvamos todos.\u201d<\/p>\n\n\n\n<p>\u201cPidamos entonces al Ni\u00f1o Dios, en este Jubileo que comenzamos en Roma y aqu\u00ed, que podamos hacer un jubileo santo. El jubileo cada 25 a\u00f1os en el pueblo de Israel era un a\u00f1o de misericordia. Los que estaban peleados se ped\u00edan perd\u00f3n. A los que se deb\u00eda dinero se les condonaba la deuda. A los pobres, a las viudas, a los enfermos se les daba un lugar. \u00bfPor qu\u00e9? Porque nadie en el pueblo de Dios puede quedar afuera. Todos tienen que estar adentro. Pidamos entonces al Ni\u00f1o Jes\u00fas que este 2025 podamos hacer todo lo posible para que nuestros hermanos m\u00e1s excluidos puedan tambi\u00e9n estar adentro de la Iglesia, y no hablo solo de los excluidos por la pobreza sino tambi\u00e9n por tantas otras lamentables realidades que hoy vivimos. Algunos se auto excluyen, otros piden entrar. \u00bfCu\u00e1l es nuestra actitud? \u2018Vengan, como en el pesebre, a adorar al Ni\u00f1o\u2019. Esos pastores que fueron a adorar al Ni\u00f1o eran gente sencilla y com\u00fan, gente normal. No ten\u00edan un cartel que dec\u00eda \u2018somos los pastores elegidos\u2019, no, sino \u2018recibimos un anuncio y vamos presurosos al encuentro del ni\u00f1o Dios\u2019. Nuevamente, muy feliz Navidad para todos.\u201d concluy\u00f3.<\/p>\n\n\n\n<p><\/p>\n\n\n\n<figure class=\"wp-block-image size-large\"><img loading=\"lazy\" width=\"1024\" height=\"768\" src=\"https:\/\/www.obispado-mdp.org.ar\/a\/wp-content\/uploads\/2024\/12\/WhatsApp-Image-2024-12-24-at-9.04.48-PM-1-1024x768.jpeg\" alt=\"\" class=\"wp-image-45162\"\/><\/figure>\n\n\n\n<figure class=\"wp-block-image size-large\"><img loading=\"lazy\" width=\"1024\" height=\"768\" src=\"https:\/\/www.obispado-mdp.org.ar\/a\/wp-content\/uploads\/2024\/12\/WhatsApp-Image-2024-12-24-at-9.04.44-PM-1024x768.jpeg\" alt=\"\" class=\"wp-image-45165\"\/><\/figure>\n\n\n\n<figure class=\"wp-block-image size-large\"><img loading=\"lazy\" width=\"1024\" height=\"768\" src=\"https:\/\/www.obispado-mdp.org.ar\/a\/wp-content\/uploads\/2024\/12\/WhatsApp-Image-2024-12-24-at-9.04.48-PM-1024x768.jpeg\" alt=\"\" class=\"wp-image-45163\"\/><\/figure>\n\n\n\n<figure class=\"wp-block-image size-large\"><img loading=\"lazy\" width=\"1024\" height=\"768\" src=\"https:\/\/www.obispado-mdp.org.ar\/a\/wp-content\/uploads\/2024\/12\/WhatsApp-Image-2024-12-24-at-9.04.45-PM-1-1024x768.jpeg\" alt=\"\" class=\"wp-image-45164\"\/><\/figure>\n\n\n\n<figure class=\"wp-block-image size-large\"><img loading=\"lazy\" width=\"1024\" height=\"768\" src=\"https:\/\/www.obispado-mdp.org.ar\/a\/wp-content\/uploads\/2024\/12\/WhatsApp-Image-2024-12-24-at-9.04.45-PM-1024x768.jpeg\" alt=\"\" class=\"wp-image-45166\"\/><\/figure>\n","protected":false},"excerpt":{"rendered":"<p>Distintas celebraciones y actividades se llevaron a cabo estos d\u00edas para celebrar el nacimiento de Jes\u00fas: Misas en las Unidades Penales de Bat\u00e1n, mesas fraternas para los m\u00e1s necesitados, pesebres vivientes y solemnes celebraciones en la Catedral y los distintos templos de la ciudad. La Misa central de la Iglesia Catedral estuvo presidida por el [&hellip;]<\/p>\n","protected":false},"author":4,"featured_media":0,"comment_status":"open","ping_status":"open","sticky":false,"template":"","format":"standard","meta":{"_et_pb_use_builder":"","_et_pb_old_content":"","_et_gb_content_width":""},"categories":[4],"tags":[],"aioseo_notices":[],"_links":{"self":[{"href":"https:\/\/www.obispado-mdp.org.ar\/a\/wp-json\/wp\/v2\/posts\/45161"}],"collection":[{"href":"https:\/\/www.obispado-mdp.org.ar\/a\/wp-json\/wp\/v2\/posts"}],"about":[{"href":"https:\/\/www.obispado-mdp.org.ar\/a\/wp-json\/wp\/v2\/types\/post"}],"author":[{"embeddable":true,"href":"https:\/\/www.obispado-mdp.org.ar\/a\/wp-json\/wp\/v2\/users\/4"}],"replies":[{"embeddable":true,"href":"https:\/\/www.obispado-mdp.org.ar\/a\/wp-json\/wp\/v2\/comments?post=45161"}],"version-history":[{"count":1,"href":"https:\/\/www.obispado-mdp.org.ar\/a\/wp-json\/wp\/v2\/posts\/45161\/revisions"}],"predecessor-version":[{"id":45167,"href":"https:\/\/www.obispado-mdp.org.ar\/a\/wp-json\/wp\/v2\/posts\/45161\/revisions\/45167"}],"wp:attachment":[{"href":"https:\/\/www.obispado-mdp.org.ar\/a\/wp-json\/wp\/v2\/media?parent=45161"}],"wp:term":[{"taxonomy":"category","embeddable":true,"href":"https:\/\/www.obispado-mdp.org.ar\/a\/wp-json\/wp\/v2\/categories?post=45161"},{"taxonomy":"post_tag","embeddable":true,"href":"https:\/\/www.obispado-mdp.org.ar\/a\/wp-json\/wp\/v2\/tags?post=45161"}],"curies":[{"name":"wp","href":"https:\/\/api.w.org\/{rel}","templated":true}]}}