{"id":45168,"date":"2024-12-23T09:34:00","date_gmt":"2024-12-23T12:34:00","guid":{"rendered":"https:\/\/www.obispado-mdp.org.ar\/a\/?p=45168"},"modified":"2024-12-27T09:36:40","modified_gmt":"2024-12-27T12:36:40","slug":"asumio-el-padre-alberto-abeldano-como-parroco-de-san-benedetto","status":"publish","type":"post","link":"https:\/\/www.obispado-mdp.org.ar\/a\/asumio-el-padre-alberto-abeldano-como-parroco-de-san-benedetto\/","title":{"rendered":"<strong>Asumi\u00f3 el padre Alberto Abelda\u00f1o como p\u00e1rroco de San Benedetto<\/strong>"},"content":{"rendered":"\n<p>En una Misa presidida por el administrador apost\u00f3lico, monse\u00f1or Ernesto Giobando sj, el padre Alberto Abelda\u00f1o asumi\u00f3 este domingo 23 como p\u00e1rroco de la Parroquia San Benedetto M\u00e1rtir y Jes\u00fas Ni\u00f1o, en la ciudad de Mar del Plata.<\/p>\n\n\n\n<p>\u201cUn pastor est\u00e1 llamado a estar junto al reba\u00f1o que se le encomienda apacent\u00e1ndolo siempre, y tambi\u00e9n a partir sin demora como Mar\u00eda, al encuentro de todos\u201d, expres\u00f3 monse\u00f1or Giobando.<\/p>\n\n\n\n<p>El flamante p\u00e1rroco agradeci\u00f3 al Administrador Apost\u00f3lico por la misi\u00f3n encomendada y brind\u00f3 un mensaje a la comunidad que tuvo como eje las palabras \u201cGracias, Jes\u00fas, Evangelizar, y Alegr\u00eda.\u201d<\/p>\n\n\n\n<figure class=\"wp-block-image size-large\"><img loading=\"lazy\" width=\"1024\" height=\"768\" src=\"https:\/\/www.obispado-mdp.org.ar\/a\/wp-content\/uploads\/2024\/12\/WhatsApp-Image-2024-12-22-at-6.12.04-PM-8-1-1024x768.jpeg\" alt=\"\" class=\"wp-image-45169\"\/><\/figure>\n\n\n\n<figure class=\"wp-block-image size-large\"><img loading=\"lazy\" width=\"1024\" height=\"768\" src=\"https:\/\/www.obispado-mdp.org.ar\/a\/wp-content\/uploads\/2024\/12\/WhatsApp-Image-2024-12-22-at-6.12.04-PM-2-1024x768.jpeg\" alt=\"\" class=\"wp-image-45170\"\/><\/figure>\n\n\n\n<figure class=\"wp-block-image size-large\"><img loading=\"lazy\" width=\"1024\" height=\"768\" src=\"https:\/\/www.obispado-mdp.org.ar\/a\/wp-content\/uploads\/2024\/12\/WhatsApp-Image-2024-12-22-at-6.12.04-PM-4-1-1024x768.jpeg\" alt=\"\" class=\"wp-image-45171\"\/><\/figure>\n\n\n\n<figure class=\"wp-block-image size-large\"><img loading=\"lazy\" width=\"1024\" height=\"768\" src=\"https:\/\/www.obispado-mdp.org.ar\/a\/wp-content\/uploads\/2024\/12\/WhatsApp-Image-2024-12-22-at-6.12.03-PM-1-1024x768.jpeg\" alt=\"\" class=\"wp-image-45172\"\/><\/figure>\n","protected":false},"excerpt":{"rendered":"<p>En una Misa presidida por el administrador apost\u00f3lico, monse\u00f1or Ernesto Giobando sj, el padre Alberto Abelda\u00f1o asumi\u00f3 este domingo 23 como p\u00e1rroco de la Parroquia San Benedetto M\u00e1rtir y Jes\u00fas Ni\u00f1o, en la ciudad de Mar del Plata. \u201cUn pastor est\u00e1 llamado a estar junto al reba\u00f1o que se le encomienda apacent\u00e1ndolo siempre, y tambi\u00e9n [&hellip;]<\/p>\n","protected":false},"author":4,"featured_media":0,"comment_status":"open","ping_status":"open","sticky":false,"template":"","format":"standard","meta":{"_et_pb_use_builder":"","_et_pb_old_content":"","_et_gb_content_width":""},"categories":[4],"tags":[],"aioseo_notices":[],"_links":{"self":[{"href":"https:\/\/www.obispado-mdp.org.ar\/a\/wp-json\/wp\/v2\/posts\/45168"}],"collection":[{"href":"https:\/\/www.obispado-mdp.org.ar\/a\/wp-json\/wp\/v2\/posts"}],"about":[{"href":"https:\/\/www.obispado-mdp.org.ar\/a\/wp-json\/wp\/v2\/types\/post"}],"author":[{"embeddable":true,"href":"https:\/\/www.obispado-mdp.org.ar\/a\/wp-json\/wp\/v2\/users\/4"}],"replies":[{"embeddable":true,"href":"https:\/\/www.obispado-mdp.org.ar\/a\/wp-json\/wp\/v2\/comments?post=45168"}],"version-history":[{"count":1,"href":"https:\/\/www.obispado-mdp.org.ar\/a\/wp-json\/wp\/v2\/posts\/45168\/revisions"}],"predecessor-version":[{"id":45173,"href":"https:\/\/www.obispado-mdp.org.ar\/a\/wp-json\/wp\/v2\/posts\/45168\/revisions\/45173"}],"wp:attachment":[{"href":"https:\/\/www.obispado-mdp.org.ar\/a\/wp-json\/wp\/v2\/media?parent=45168"}],"wp:term":[{"taxonomy":"category","embeddable":true,"href":"https:\/\/www.obispado-mdp.org.ar\/a\/wp-json\/wp\/v2\/categories?post=45168"},{"taxonomy":"post_tag","embeddable":true,"href":"https:\/\/www.obispado-mdp.org.ar\/a\/wp-json\/wp\/v2\/tags?post=45168"}],"curies":[{"name":"wp","href":"https:\/\/api.w.org\/{rel}","templated":true}]}}