{"id":45174,"date":"2024-12-30T20:00:00","date_gmt":"2024-12-30T23:00:00","guid":{"rendered":"https:\/\/www.obispado-mdp.org.ar\/a\/?p=45174"},"modified":"2024-12-30T18:59:06","modified_gmt":"2024-12-30T21:59:06","slug":"fiesta-de-la-sagrada-familia-en-el-puerto-de-mar-del-plata","status":"publish","type":"post","link":"https:\/\/www.obispado-mdp.org.ar\/a\/fiesta-de-la-sagrada-familia-en-el-puerto-de-mar-del-plata\/","title":{"rendered":"<strong>Fiesta de la Sagrada Familia en el Puerto de Mar del Plata<\/strong>"},"content":{"rendered":"\n<p>Este domingo 29 la comunidad de la Parroquia Sagrada Familia celebr\u00f3 su Fiesta Patronal. En el d\u00eda en que la Iglesia celebra a la familia de Nazaret, la comunidad del Puerto vivi\u00f3 una emotiva celebraci\u00f3n en el a\u00f1o del centenario de la Parroquia y el Colegio, que fue presidida por el administrador apost\u00f3lico y obispo electo de Mar del Plata, monse\u00f1or Ernesto Giobando sj.<\/p>\n\n\n\n<p>En ese marco, se procedi\u00f3 a enterrar junto a la imagen su fundador San Luis Orione, una c\u00e1psula del tiempo que contiene los textos del himno y la oraci\u00f3n del centenario, elementos, fotos e im\u00e1genes de las actividades educativas&nbsp; y de los distintos grupos y movimientos de la parroquia, as\u00ed como tambi\u00e9n de las de celebraciones y festejos&nbsp; desarrollados durante el a\u00f1o, y dos pergaminos firmados por autoridades eclesiales y escolares, por miembros de la comunidad educativa y pastoral, y por nuestro Administrador Apost\u00f3lico.<\/p>\n\n\n\n<p>En su homil\u00eda, monse\u00f1or Giobando destac\u00f3 que \u201cel Evangelio nos muestra que Jes\u00fas est\u00e1 tomando conciencia de que \u00c9l tiene un camino que realizar, que tiene que cumplir la voluntad de Dios. Y esa angustia de Mar\u00eda se va a transformar despu\u00e9s en el dolor de Mar\u00eda a pie de la cruz. \u00bfPor qu\u00e9? Porque ella lo acompa\u00f1\u00f3 a su hijo hasta el final.\u201d Y explic\u00f3 que \u201ctambi\u00e9n en el Evangelio de hoy aparece algo que es muy importante en la vida: el abandono del nido. A veces los pap\u00e1s no quieren, pero la sobreprotecci\u00f3n no ayuda. Ayuda que crezcamos. Ayuda que en un momento dado, evidentemente, nos tengamos que ir del \u2018nido\u2019 a construir la propia familia.\u201d<\/p>\n\n\n\n<p>Y prosigui\u00f3 \u201cel Papa Francisco ha comenzado este a\u00f1o junto con toda la Iglesia, el a\u00f1o santo, jubilar, el a\u00f1o de la esperanza. Y nos propone un desaf\u00edo a la esperanza. Se pregunta \u2018\u00bfcu\u00e1ntos j\u00f3venes deciden no tener hijos?\u2019 Muchos dicen \u2018es que a m\u00ed es m\u00e1s f\u00e1cil tener tres mascotas, son encantadoras, las llenamos de besos, no nos van a hacer ning\u00fan problema mientras les demos de comer. Y a veces los hijos no reaccionan de la misma manera.\u2019 Entonces el Papa nos dice \u2018apuesten los j\u00f3venes a tener un hijo, porque si no hay hijos \u00bfc\u00f3mo vamos a seguir? Tambi\u00e9n Dios es familia, y la Iglesia es una familia. Todo lo que deseamos vivir est\u00e1 en la familia.<\/p>\n\n\n\n<p>\u201cHace 100 a\u00f1os sus abuelos o sus padres vinieron a este lugar, se quedaron aqu\u00ed, y formaron una peque\u00f1a Italia. Todo lo que se vive en el puerto de Mar del Plata no es algo rom\u00e1ntico, no. Es algo de otro tipo, es real. El puerto es el coraz\u00f3n de esta ciudad. Por lo tanto, que este coraz\u00f3n siga siendo una familia y que esta familia sea generosa\u201d, finaliz\u00f3.<\/p>\n\n\n\n<figure class=\"wp-block-image size-large\"><img loading=\"lazy\" width=\"1024\" height=\"768\" src=\"https:\/\/www.obispado-mdp.org.ar\/a\/wp-content\/uploads\/2024\/12\/WhatsApp-Image-2024-12-29-at-1.45.24-PM-1024x768.jpeg\" alt=\"\" class=\"wp-image-45176\"\/><\/figure>\n\n\n\n<figure class=\"wp-block-image size-large\"><img loading=\"lazy\" width=\"1024\" height=\"768\" src=\"https:\/\/www.obispado-mdp.org.ar\/a\/wp-content\/uploads\/2024\/12\/WhatsApp-Image-2024-12-29-at-1.45.27-PM-1-1024x768.jpeg\" alt=\"\" class=\"wp-image-45177\"\/><\/figure>\n\n\n\n<figure class=\"wp-block-image size-large\"><img loading=\"lazy\" width=\"1024\" height=\"768\" src=\"https:\/\/www.obispado-mdp.org.ar\/a\/wp-content\/uploads\/2024\/12\/WhatsApp-Image-2024-12-29-at-1.45.15-PM-1-1024x768.jpeg\" alt=\"\" class=\"wp-image-45179\"\/><\/figure>\n\n\n\n<figure class=\"wp-block-image size-large\"><img loading=\"lazy\" width=\"1024\" height=\"768\" src=\"https:\/\/www.obispado-mdp.org.ar\/a\/wp-content\/uploads\/2024\/12\/WhatsApp-Image-2024-12-29-at-1.45.27-PM-1024x768.jpeg\" alt=\"\" class=\"wp-image-45178\"\/><\/figure>\n\n\n\n<figure class=\"wp-block-image size-large\"><img loading=\"lazy\" width=\"1024\" height=\"768\" src=\"https:\/\/www.obispado-mdp.org.ar\/a\/wp-content\/uploads\/2024\/12\/WhatsApp-Image-2024-12-29-at-1.45.16-PM-1024x768.jpeg\" alt=\"\" class=\"wp-image-45180\"\/><\/figure>\n\n\n\n<figure class=\"wp-block-image size-large\"><img loading=\"lazy\" width=\"1024\" height=\"768\" src=\"https:\/\/www.obispado-mdp.org.ar\/a\/wp-content\/uploads\/2024\/12\/WhatsApp-Image-2024-12-29-at-1.45.19-PM-1024x768.jpeg\" alt=\"\" class=\"wp-image-45181\"\/><\/figure>\n","protected":false},"excerpt":{"rendered":"<p>Este domingo 29 la comunidad de la Parroquia Sagrada Familia celebr\u00f3 su Fiesta Patronal. En el d\u00eda en que la Iglesia celebra a la familia de Nazaret, la comunidad del Puerto vivi\u00f3 una emotiva celebraci\u00f3n en el a\u00f1o del centenario de la Parroquia y el Colegio, que fue presidida por el administrador apost\u00f3lico y obispo [&hellip;]<\/p>\n","protected":false},"author":4,"featured_media":0,"comment_status":"open","ping_status":"open","sticky":false,"template":"","format":"standard","meta":{"_et_pb_use_builder":"","_et_pb_old_content":"","_et_gb_content_width":""},"categories":[4],"tags":[],"aioseo_notices":[],"_links":{"self":[{"href":"https:\/\/www.obispado-mdp.org.ar\/a\/wp-json\/wp\/v2\/posts\/45174"}],"collection":[{"href":"https:\/\/www.obispado-mdp.org.ar\/a\/wp-json\/wp\/v2\/posts"}],"about":[{"href":"https:\/\/www.obispado-mdp.org.ar\/a\/wp-json\/wp\/v2\/types\/post"}],"author":[{"embeddable":true,"href":"https:\/\/www.obispado-mdp.org.ar\/a\/wp-json\/wp\/v2\/users\/4"}],"replies":[{"embeddable":true,"href":"https:\/\/www.obispado-mdp.org.ar\/a\/wp-json\/wp\/v2\/comments?post=45174"}],"version-history":[{"count":1,"href":"https:\/\/www.obispado-mdp.org.ar\/a\/wp-json\/wp\/v2\/posts\/45174\/revisions"}],"predecessor-version":[{"id":45182,"href":"https:\/\/www.obispado-mdp.org.ar\/a\/wp-json\/wp\/v2\/posts\/45174\/revisions\/45182"}],"wp:attachment":[{"href":"https:\/\/www.obispado-mdp.org.ar\/a\/wp-json\/wp\/v2\/media?parent=45174"}],"wp:term":[{"taxonomy":"category","embeddable":true,"href":"https:\/\/www.obispado-mdp.org.ar\/a\/wp-json\/wp\/v2\/categories?post=45174"},{"taxonomy":"post_tag","embeddable":true,"href":"https:\/\/www.obispado-mdp.org.ar\/a\/wp-json\/wp\/v2\/tags?post=45174"}],"curies":[{"name":"wp","href":"https:\/\/api.w.org\/{rel}","templated":true}]}}