{"id":45324,"date":"2025-01-04T12:04:09","date_gmt":"2025-01-04T15:04:09","guid":{"rendered":"https:\/\/www.obispado-mdp.org.ar\/a\/?p=45324"},"modified":"2025-01-04T12:14:04","modified_gmt":"2025-01-04T15:14:04","slug":"navidad-junto-al-lago-mons-giobando-invito-a-contemplar-como-si-presente-me-hallase","status":"publish","type":"post","link":"https:\/\/www.obispado-mdp.org.ar\/a\/navidad-junto-al-lago-mons-giobando-invito-a-contemplar-como-si-presente-me-hallase\/","title":{"rendered":"Navidad junto al lago: Mons. Giobando invit\u00f3 a contemplar \u201ccomo si presente me hallase\u201d"},"content":{"rendered":"\n<p>El administrador apost\u00f3lico y obispo electo de Mar del Plata, monse\u00f1or Ernesto Giobando sj presenci\u00f3 por primera vez el espect\u00e1culo \u201cNavidad Junto al Lago\u201d que se lleva adelante este 3 y 4 de enero en la Estancia Santa Mar\u00eda de la Armon\u00eda, en el Partido de Mar Chiquita.<\/p>\n\n\n\n<p>En un breve mensaje que dirigi\u00f3 antes del inicio de la obra, record\u00f3 una ense\u00f1anza de San Ignacio de Loyola que invita a contemplar los misterios de la vida del Se\u00f1or \u201ccomo si presente me hallase\u201d y destac\u00f3 que esta iniciativa \u201clleva a\u00f1os ayud\u00e1ndonos a estar cerca del pesebre y de la vida del Se\u00f1or.\u201d<\/p>\n\n\n\n<p>En esta oportunidad son 160 los j\u00f3venes de distintos puntos del pa\u00eds que desde el 26 de diciembre se encuentran preparando con mucho trabajo y oraci\u00f3n este espect\u00e1culo de \u201cluz, imagen y sonido\u201d que bajo la coordinaci\u00f3n de las Servidoras, fundadas por el Siervo de Dios padre Luis Mar\u00eda Etcheverry Boneo, lleva m\u00e1s de 35 a\u00f1os realizando un aporte significativo a la fe y la cultura en nuestro medio.<\/p>\n\n\n\n<p><\/p>\n\n\n\n<figure class=\"wp-block-image size-full\"><img loading=\"lazy\" width=\"960\" height=\"737\" src=\"https:\/\/www.obispado-mdp.org.ar\/a\/wp-content\/uploads\/2025\/01\/WhatsApp-Image-2025-01-04-at-10.46.23-AM.jpeg\" alt=\"\" class=\"wp-image-45325\"\/><\/figure>\n\n\n\n<figure class=\"wp-block-image size-large\"><img loading=\"lazy\" width=\"1024\" height=\"768\" src=\"https:\/\/www.obispado-mdp.org.ar\/a\/wp-content\/uploads\/2025\/01\/WhatsApp-Image-2025-01-04-at-10.46.16-AM-1024x768.jpeg\" alt=\"\" class=\"wp-image-45326\"\/><\/figure>\n\n\n\n<figure class=\"wp-block-image size-large\"><img loading=\"lazy\" width=\"1024\" height=\"768\" src=\"https:\/\/www.obispado-mdp.org.ar\/a\/wp-content\/uploads\/2025\/01\/WhatsApp-Image-2025-01-04-at-10.46.17-AM-1024x768.jpeg\" alt=\"\" class=\"wp-image-45327\"\/><\/figure>\n","protected":false},"excerpt":{"rendered":"<p>El administrador apost\u00f3lico y obispo electo de Mar del Plata, monse\u00f1or Ernesto Giobando sj presenci\u00f3 por primera vez el espect\u00e1culo \u201cNavidad Junto al Lago\u201d que se lleva adelante este 3 y 4 de enero en la Estancia Santa Mar\u00eda de la Armon\u00eda, en el Partido de Mar Chiquita. En un breve mensaje que dirigi\u00f3 antes [&hellip;]<\/p>\n","protected":false},"author":4,"featured_media":0,"comment_status":"open","ping_status":"open","sticky":false,"template":"","format":"standard","meta":{"_et_pb_use_builder":"","_et_pb_old_content":"","_et_gb_content_width":""},"categories":[4],"tags":[],"aioseo_notices":[],"_links":{"self":[{"href":"https:\/\/www.obispado-mdp.org.ar\/a\/wp-json\/wp\/v2\/posts\/45324"}],"collection":[{"href":"https:\/\/www.obispado-mdp.org.ar\/a\/wp-json\/wp\/v2\/posts"}],"about":[{"href":"https:\/\/www.obispado-mdp.org.ar\/a\/wp-json\/wp\/v2\/types\/post"}],"author":[{"embeddable":true,"href":"https:\/\/www.obispado-mdp.org.ar\/a\/wp-json\/wp\/v2\/users\/4"}],"replies":[{"embeddable":true,"href":"https:\/\/www.obispado-mdp.org.ar\/a\/wp-json\/wp\/v2\/comments?post=45324"}],"version-history":[{"count":2,"href":"https:\/\/www.obispado-mdp.org.ar\/a\/wp-json\/wp\/v2\/posts\/45324\/revisions"}],"predecessor-version":[{"id":45329,"href":"https:\/\/www.obispado-mdp.org.ar\/a\/wp-json\/wp\/v2\/posts\/45324\/revisions\/45329"}],"wp:attachment":[{"href":"https:\/\/www.obispado-mdp.org.ar\/a\/wp-json\/wp\/v2\/media?parent=45324"}],"wp:term":[{"taxonomy":"category","embeddable":true,"href":"https:\/\/www.obispado-mdp.org.ar\/a\/wp-json\/wp\/v2\/categories?post=45324"},{"taxonomy":"post_tag","embeddable":true,"href":"https:\/\/www.obispado-mdp.org.ar\/a\/wp-json\/wp\/v2\/tags?post=45324"}],"curies":[{"name":"wp","href":"https:\/\/api.w.org\/{rel}","templated":true}]}}