{"id":45339,"date":"2025-01-11T21:43:23","date_gmt":"2025-01-12T00:43:23","guid":{"rendered":"https:\/\/www.obispado-mdp.org.ar\/a\/?p=45339"},"modified":"2025-01-11T21:43:24","modified_gmt":"2025-01-12T00:43:24","slug":"cambio-de-parroco-en-san-cayetano-asumio-el-padre-david-ochoa","status":"publish","type":"post","link":"https:\/\/www.obispado-mdp.org.ar\/a\/cambio-de-parroco-en-san-cayetano-asumio-el-padre-david-ochoa\/","title":{"rendered":"Cambio de P\u00e1rroco en San Cayetano: asumi\u00f3 el padre David Ochoa"},"content":{"rendered":"\n<p>En una concurrida celebraci\u00f3n, asumi\u00f3 el pasado viernes 10 de enero el nuevo p\u00e1rroco de San Cayetano. Se trata del presb\u00edtero David Eusebio Ochoa, quien fue recibido por el p\u00e1rroco saliente, presb\u00edtero Juan Pablo Cayrol, y fieles tanto de San Cayetano como de Santa Mar\u00eda de Balcarce entre otras comunidades que el padre Ochoa acompa\u00f1\u00f3 a lo largo de su ministerio sacerdotal.<\/p>\n\n\n\n<p>La Misa, concelebrada por m\u00e1s de veinte sacerdotes, fue presidida por monse\u00f1or Ernesto Giobando, quien destac\u00f3 la disponibilidad del flamante p\u00e1rroco para asumir esta nueva tarea encomendada, y agradeci\u00f3 el acompa\u00f1amiento de las comunidades que se hicieron presentes en la celebraci\u00f3n.<\/p>\n\n\n\n<p>En un pasaje de su homil\u00eda destac\u00f3 que \u201cno somos due\u00f1os del reba\u00f1o, sino que somos puestos por un tiempo al servicio de una comunidad para acompa\u00f1arla estando en medio del reba\u00f1o para escuchar a todos.\u201d Y haciendo referencia al Evangelio que se proclam\u00f3 explic\u00f3 que \u201ces todo un programa pastoral: llevar la Buena Noticia a los pobres, anunciar la libertad a los cautivos, dar libertad a los oprimidos\u201d y expres\u00f3 su deseo de que \u201cen San Cayetano todos se sientan queridos, recibidos, especialmente los que hoy son marginados.\u201d<\/p>\n\n\n\n<p>Cerrando su mensaje, el Administrador Apost\u00f3lico evoc\u00f3 la figura de Santa Mama Antula, de quien dijo que \u201cfue la que trajo la devoci\u00f3n a San Cayetano\u201d, y pidi\u00f3 que ella junto al Patrono del Pan y del Trabajo siempre intercedan por el padre David, por la comunidad y por todos los peregrinos que acuden con confianza a este Santuario.\u201d<\/p>\n\n\n\n<p>Al finalizar la celebraci\u00f3n, una representante de la comunidad dio la bienvenida al flamante p\u00e1rroco. Seguidamente, el padre Ochoa agradeci\u00f3 el acompa\u00f1amiento de todos los presentes, y expres\u00f3 su deseo de caminar junto a esta nueva comunidad.<\/p>\n\n\n\n<figure class=\"wp-block-image size-large\"><img loading=\"lazy\" width=\"1024\" height=\"768\" src=\"https:\/\/www.obispado-mdp.org.ar\/a\/wp-content\/uploads\/2025\/01\/WhatsApp-Image-2025-01-10-at-9.53.12-PM-1024x768.jpeg\" alt=\"\" class=\"wp-image-45340\"\/><\/figure>\n\n\n\n<figure class=\"wp-block-image size-large\"><img loading=\"lazy\" width=\"1024\" height=\"768\" src=\"https:\/\/www.obispado-mdp.org.ar\/a\/wp-content\/uploads\/2025\/01\/WhatsApp-Image-2025-01-10-at-9.53.13-PM-1024x768.jpeg\" alt=\"\" class=\"wp-image-45341\"\/><\/figure>\n\n\n\n<figure class=\"wp-block-image size-large\"><img loading=\"lazy\" width=\"1024\" height=\"768\" src=\"https:\/\/www.obispado-mdp.org.ar\/a\/wp-content\/uploads\/2025\/01\/WhatsApp-Image-2025-01-10-at-9.53.26-PM-1-1024x768.jpeg\" alt=\"\" class=\"wp-image-45345\"\/><\/figure>\n\n\n\n<figure class=\"wp-block-image size-large is-resized\"><img loading=\"lazy\" src=\"https:\/\/www.obispado-mdp.org.ar\/a\/wp-content\/uploads\/2025\/01\/WhatsApp-Image-2025-01-10-at-9.53.26-PM-768x1024.jpeg\" alt=\"\" class=\"wp-image-45342\" width=\"815\" height=\"1087\"\/><\/figure>\n","protected":false},"excerpt":{"rendered":"<p>En una concurrida celebraci\u00f3n, asumi\u00f3 el pasado viernes 10 de enero el nuevo p\u00e1rroco de San Cayetano. Se trata del presb\u00edtero David Eusebio Ochoa, quien fue recibido por el p\u00e1rroco saliente, presb\u00edtero Juan Pablo Cayrol, y fieles tanto de San Cayetano como de Santa Mar\u00eda de Balcarce entre otras comunidades que el padre Ochoa acompa\u00f1\u00f3 [&hellip;]<\/p>\n","protected":false},"author":4,"featured_media":0,"comment_status":"open","ping_status":"open","sticky":false,"template":"","format":"standard","meta":{"_et_pb_use_builder":"","_et_pb_old_content":"","_et_gb_content_width":""},"categories":[4],"tags":[],"aioseo_notices":[],"_links":{"self":[{"href":"https:\/\/www.obispado-mdp.org.ar\/a\/wp-json\/wp\/v2\/posts\/45339"}],"collection":[{"href":"https:\/\/www.obispado-mdp.org.ar\/a\/wp-json\/wp\/v2\/posts"}],"about":[{"href":"https:\/\/www.obispado-mdp.org.ar\/a\/wp-json\/wp\/v2\/types\/post"}],"author":[{"embeddable":true,"href":"https:\/\/www.obispado-mdp.org.ar\/a\/wp-json\/wp\/v2\/users\/4"}],"replies":[{"embeddable":true,"href":"https:\/\/www.obispado-mdp.org.ar\/a\/wp-json\/wp\/v2\/comments?post=45339"}],"version-history":[{"count":2,"href":"https:\/\/www.obispado-mdp.org.ar\/a\/wp-json\/wp\/v2\/posts\/45339\/revisions"}],"predecessor-version":[{"id":45346,"href":"https:\/\/www.obispado-mdp.org.ar\/a\/wp-json\/wp\/v2\/posts\/45339\/revisions\/45346"}],"wp:attachment":[{"href":"https:\/\/www.obispado-mdp.org.ar\/a\/wp-json\/wp\/v2\/media?parent=45339"}],"wp:term":[{"taxonomy":"category","embeddable":true,"href":"https:\/\/www.obispado-mdp.org.ar\/a\/wp-json\/wp\/v2\/categories?post=45339"},{"taxonomy":"post_tag","embeddable":true,"href":"https:\/\/www.obispado-mdp.org.ar\/a\/wp-json\/wp\/v2\/tags?post=45339"}],"curies":[{"name":"wp","href":"https:\/\/api.w.org\/{rel}","templated":true}]}}