{"id":45351,"date":"2025-01-17T16:39:18","date_gmt":"2025-01-17T19:39:18","guid":{"rendered":"https:\/\/www.obispado-mdp.org.ar\/a\/?p=45351"},"modified":"2025-01-17T16:39:19","modified_gmt":"2025-01-17T19:39:19","slug":"mision-de-jovenes-orionitas-en-comunidad-del-sur-de-mar-del-plata","status":"publish","type":"post","link":"https:\/\/www.obispado-mdp.org.ar\/a\/mision-de-jovenes-orionitas-en-comunidad-del-sur-de-mar-del-plata\/","title":{"rendered":"<strong>Misi\u00f3n de j\u00f3venes orionitas en comunidad del sur de Mar del Plata<\/strong>"},"content":{"rendered":"\n<p>J\u00f3venes misioneros de la Parroquia San Jos\u00e9, de Mar del Plata, misionaron durante una semana en torno a la comunidad \u201cDivino Ni\u00f1o\u201d, de la Parroquia Padre Pio de Pietrelcina, en el sur de la ciudad.<\/p>\n\n\n\n<p>La misi\u00f3n comenz\u00f3 el lunes 6 de enero, coincidentemente con la Fiesta Patronal de esa comunidad, que fue presidida por el flamante cura p\u00e1rroco, presb\u00edtero Juan Pablo Arrachea. Hasta el s\u00e1bado 11 los j\u00f3venes realizaron por la ma\u00f1ana visitas casa por casa, acompa\u00f1ados por los padres Hugo Camino y Mario Fregenal, de la Obra Don Orione. Durante las tardes compartieron juegos con los ni\u00f1os como as\u00ed tambi\u00e9n diversos talleres, con el eje en el cuidado de la \u201ccasa com\u00fan\u201d. Cada jornada conclu\u00eda con la celebraci\u00f3n de la Eucarist\u00eda, en la que se rez\u00f3 por distintas intenciones cada d\u00eda.<\/p>\n\n\n\n<p>El s\u00e1bado recibieron la visita de nuestro administrador apost\u00f3lico, monse\u00f1or Ernesto Giobando sj, quien presidi\u00f3 la Misa en el d\u00eda de la Fiesta del Bautismo del Se\u00f1or junto al obispo de R\u00edo Cuarto, monse\u00f1or Adolfo Uriona fdp.<\/p>\n\n\n\n<figure class=\"wp-block-image size-large\"><img loading=\"lazy\" width=\"1024\" height=\"576\" src=\"https:\/\/www.obispado-mdp.org.ar\/a\/wp-content\/uploads\/2025\/01\/WhatsApp-Image-2025-01-15-at-5.43.09-PM-1-1024x576.jpeg\" alt=\"\" class=\"wp-image-45352\"\/><\/figure>\n\n\n\n<figure class=\"wp-block-image size-large\"><img loading=\"lazy\" width=\"1024\" height=\"778\" src=\"https:\/\/www.obispado-mdp.org.ar\/a\/wp-content\/uploads\/2025\/01\/WhatsApp-Image-2025-01-15-at-5.43.07-PM-1-1024x778.jpeg\" alt=\"\" class=\"wp-image-45353\"\/><\/figure>\n\n\n\n<figure class=\"wp-block-image size-large\"><img loading=\"lazy\" width=\"1024\" height=\"461\" src=\"https:\/\/www.obispado-mdp.org.ar\/a\/wp-content\/uploads\/2025\/01\/WhatsApp-Image-2025-01-15-at-5.43.08-PM-2-1024x461.jpeg\" alt=\"\" class=\"wp-image-45354\"\/><\/figure>\n\n\n\n<figure class=\"wp-block-image size-large\"><img loading=\"lazy\" width=\"1024\" height=\"710\" src=\"https:\/\/www.obispado-mdp.org.ar\/a\/wp-content\/uploads\/2025\/01\/WhatsApp-Image-2025-01-15-at-5.43.08-PM-1-1024x710.jpeg\" alt=\"\" class=\"wp-image-45356\"\/><\/figure>\n\n\n\n<figure class=\"wp-block-image size-large\"><img loading=\"lazy\" width=\"1024\" height=\"576\" src=\"https:\/\/www.obispado-mdp.org.ar\/a\/wp-content\/uploads\/2025\/01\/WhatsApp-Image-2025-01-15-at-5.43.10-PM-2-1024x576.jpeg\" alt=\"\" class=\"wp-image-45357\"\/><\/figure>\n","protected":false},"excerpt":{"rendered":"<p>J\u00f3venes misioneros de la Parroquia San Jos\u00e9, de Mar del Plata, misionaron durante una semana en torno a la comunidad \u201cDivino Ni\u00f1o\u201d, de la Parroquia Padre Pio de Pietrelcina, en el sur de la ciudad. La misi\u00f3n comenz\u00f3 el lunes 6 de enero, coincidentemente con la Fiesta Patronal de esa comunidad, que fue presidida por [&hellip;]<\/p>\n","protected":false},"author":4,"featured_media":0,"comment_status":"open","ping_status":"open","sticky":false,"template":"","format":"standard","meta":{"_et_pb_use_builder":"","_et_pb_old_content":"","_et_gb_content_width":""},"categories":[4],"tags":[],"aioseo_notices":[],"_links":{"self":[{"href":"https:\/\/www.obispado-mdp.org.ar\/a\/wp-json\/wp\/v2\/posts\/45351"}],"collection":[{"href":"https:\/\/www.obispado-mdp.org.ar\/a\/wp-json\/wp\/v2\/posts"}],"about":[{"href":"https:\/\/www.obispado-mdp.org.ar\/a\/wp-json\/wp\/v2\/types\/post"}],"author":[{"embeddable":true,"href":"https:\/\/www.obispado-mdp.org.ar\/a\/wp-json\/wp\/v2\/users\/4"}],"replies":[{"embeddable":true,"href":"https:\/\/www.obispado-mdp.org.ar\/a\/wp-json\/wp\/v2\/comments?post=45351"}],"version-history":[{"count":1,"href":"https:\/\/www.obispado-mdp.org.ar\/a\/wp-json\/wp\/v2\/posts\/45351\/revisions"}],"predecessor-version":[{"id":45358,"href":"https:\/\/www.obispado-mdp.org.ar\/a\/wp-json\/wp\/v2\/posts\/45351\/revisions\/45358"}],"wp:attachment":[{"href":"https:\/\/www.obispado-mdp.org.ar\/a\/wp-json\/wp\/v2\/media?parent=45351"}],"wp:term":[{"taxonomy":"category","embeddable":true,"href":"https:\/\/www.obispado-mdp.org.ar\/a\/wp-json\/wp\/v2\/categories?post=45351"},{"taxonomy":"post_tag","embeddable":true,"href":"https:\/\/www.obispado-mdp.org.ar\/a\/wp-json\/wp\/v2\/tags?post=45351"}],"curies":[{"name":"wp","href":"https:\/\/api.w.org\/{rel}","templated":true}]}}