{"id":45360,"date":"2025-01-20T20:49:53","date_gmt":"2025-01-20T23:49:53","guid":{"rendered":"https:\/\/www.obispado-mdp.org.ar\/a\/?p=45360"},"modified":"2025-01-20T20:49:54","modified_gmt":"2025-01-20T23:49:54","slug":"el-santuario-de-schoenstatt-inicio-el-ano-jubilar","status":"publish","type":"post","link":"https:\/\/www.obispado-mdp.org.ar\/a\/el-santuario-de-schoenstatt-inicio-el-ano-jubilar\/","title":{"rendered":"<strong>El Santuario de Schoenstatt inici\u00f3 el A\u00f1o Jubilar<\/strong>"},"content":{"rendered":"\n<p>Al igual que varios de los designados \u201ctemplos jubilares\u201d de nuestra di\u00f3cesis por parte de nuestro Administrador Apost\u00f3lico, el Santuario de Schoenstatt dio inicio formal a este tiempo de gracia con una breve peregrinaci\u00f3n desde la \u201cCasa del Peregrino\u201d hasta el Santuario y con la celebraci\u00f3n de la Santa Misa, presidida por monse\u00f1or Ernesto Giobando sj, y concelebrada por el director nacional del Movimiento Apost\u00f3lico de Schoenstatt, presb\u00edtero Santiago Ferrero; el asesor diocesano, presb\u00edtero Juan Cruz Mennilli; y el sacerdote de la Arquidi\u00f3cesis de Buenos Aires, presb\u00edtero Mario Beverati.<\/p>\n\n\n\n<p>Los peregrinos se congregaron en el inicio del \u201ccaminito\u201d que dentro del hermoso y parquizado predio lleva al Santuario, y caminaron hacia el mismo entre cantos, oraciones y reflexiones. Una vez llegados al lugar, integrantes de la Juventud de Schoenstatt ingresaron al designado \u201csantuario jubilar\u201d, como un signo de la esperanza que -en palabras del papa Francisco en la Bula Spes Non Confundit- los j\u00f3venes representan.<\/p>\n\n\n\n<p>Monse\u00f1or Giobando alent\u00f3 a los fieles a recordar \u201cqui\u00e9nes fueron los que me anunciaron la fe, o los que primero me hablaron de Mar\u00eda\u201d y destac\u00f3 \u201cson los que han peregrinado a nuestro coraz\u00f3n regal\u00e1ndonos la esperanza.\u201d<\/p>\n\n\n\n<p>Luego de la bendici\u00f3n final, el Administrador Apost\u00f3lico realiz\u00f3 una bendici\u00f3n sobre las integrantes de la Juventud Femenina, quienes en los pr\u00f3ximos d\u00edas participar\u00e1n en Mar del Plata del encuentro nacional de la JF, Fiat, junto a m\u00e1s de 100 participantes provenientes de distintos puntos del pa\u00eds.<\/p>\n\n\n\n<p>Finalizada la Misa el padre Santiago Ferrero encabez\u00f3 un momento de oraci\u00f3n en el que evocaron el segundo hito de Schoenstatt, el 20 de enero, vinculado al ingreso de su fundador, el Siervo de Dios Jos\u00e9 Kentenich, al campo de concentraci\u00f3n de Dachau.<\/p>\n\n\n\n<figure class=\"wp-block-image size-large\"><img loading=\"lazy\" width=\"1024\" height=\"683\" src=\"https:\/\/www.obispado-mdp.org.ar\/a\/wp-content\/uploads\/2025\/01\/WhatsApp-Image-2025-01-20-at-9.54.02-AM-1024x683.jpeg\" alt=\"\" class=\"wp-image-45374\"\/><\/figure>\n\n\n\n<figure class=\"wp-block-image size-large\"><img loading=\"lazy\" width=\"1024\" height=\"683\" src=\"https:\/\/www.obispado-mdp.org.ar\/a\/wp-content\/uploads\/2025\/01\/WhatsApp-Image-2025-01-20-at-9.54.01-AM-1-1024x683.jpeg\" alt=\"\" class=\"wp-image-45375\"\/><\/figure>\n\n\n\n<figure class=\"wp-block-image size-large is-resized\"><img loading=\"lazy\" src=\"https:\/\/www.obispado-mdp.org.ar\/a\/wp-content\/uploads\/2025\/01\/WhatsApp-Image-2025-01-20-at-9.54.02-AM-2-683x1024.jpeg\" alt=\"\" class=\"wp-image-45376\" width=\"824\" height=\"1235\"\/><\/figure>\n\n\n\n<figure class=\"wp-block-image size-large is-resized\"><img loading=\"lazy\" src=\"https:\/\/www.obispado-mdp.org.ar\/a\/wp-content\/uploads\/2025\/01\/WhatsApp-Image-2025-01-20-at-9.54.00-AM-683x1024.jpeg\" alt=\"\" class=\"wp-image-45377\" width=\"819\" height=\"1228\"\/><\/figure>\n\n\n\n<figure class=\"wp-block-image size-large\"><img loading=\"lazy\" width=\"1024\" height=\"683\" src=\"https:\/\/www.obispado-mdp.org.ar\/a\/wp-content\/uploads\/2025\/01\/WhatsApp-Image-2025-01-20-at-9.54.01-AM-1024x683.jpeg\" alt=\"\" class=\"wp-image-45378\"\/><\/figure>\n","protected":false},"excerpt":{"rendered":"<p>Al igual que varios de los designados \u201ctemplos jubilares\u201d de nuestra di\u00f3cesis por parte de nuestro Administrador Apost\u00f3lico, el Santuario de Schoenstatt dio inicio formal a este tiempo de gracia con una breve peregrinaci\u00f3n desde la \u201cCasa del Peregrino\u201d hasta el Santuario y con la celebraci\u00f3n de la Santa Misa, presidida por monse\u00f1or Ernesto Giobando [&hellip;]<\/p>\n","protected":false},"author":4,"featured_media":0,"comment_status":"open","ping_status":"open","sticky":false,"template":"","format":"standard","meta":{"_et_pb_use_builder":"","_et_pb_old_content":"","_et_gb_content_width":""},"categories":[4],"tags":[],"aioseo_notices":[],"_links":{"self":[{"href":"https:\/\/www.obispado-mdp.org.ar\/a\/wp-json\/wp\/v2\/posts\/45360"}],"collection":[{"href":"https:\/\/www.obispado-mdp.org.ar\/a\/wp-json\/wp\/v2\/posts"}],"about":[{"href":"https:\/\/www.obispado-mdp.org.ar\/a\/wp-json\/wp\/v2\/types\/post"}],"author":[{"embeddable":true,"href":"https:\/\/www.obispado-mdp.org.ar\/a\/wp-json\/wp\/v2\/users\/4"}],"replies":[{"embeddable":true,"href":"https:\/\/www.obispado-mdp.org.ar\/a\/wp-json\/wp\/v2\/comments?post=45360"}],"version-history":[{"count":3,"href":"https:\/\/www.obispado-mdp.org.ar\/a\/wp-json\/wp\/v2\/posts\/45360\/revisions"}],"predecessor-version":[{"id":45379,"href":"https:\/\/www.obispado-mdp.org.ar\/a\/wp-json\/wp\/v2\/posts\/45360\/revisions\/45379"}],"wp:attachment":[{"href":"https:\/\/www.obispado-mdp.org.ar\/a\/wp-json\/wp\/v2\/media?parent=45360"}],"wp:term":[{"taxonomy":"category","embeddable":true,"href":"https:\/\/www.obispado-mdp.org.ar\/a\/wp-json\/wp\/v2\/categories?post=45360"},{"taxonomy":"post_tag","embeddable":true,"href":"https:\/\/www.obispado-mdp.org.ar\/a\/wp-json\/wp\/v2\/tags?post=45360"}],"curies":[{"name":"wp","href":"https:\/\/api.w.org\/{rel}","templated":true}]}}