{"id":45363,"date":"2025-01-20T08:27:00","date_gmt":"2025-01-20T11:27:00","guid":{"rendered":"https:\/\/www.obispado-mdp.org.ar\/a\/?p=45363"},"modified":"2025-01-20T00:05:33","modified_gmt":"2025-01-20T03:05:33","slug":"la-orden-de-agustinos-recoletos-inicio-en-mar-del-plata-los-festejos-por-los-100-anos-de-su-presencia-en-argentina","status":"publish","type":"post","link":"https:\/\/www.obispado-mdp.org.ar\/a\/la-orden-de-agustinos-recoletos-inicio-en-mar-del-plata-los-festejos-por-los-100-anos-de-su-presencia-en-argentina\/","title":{"rendered":"<strong>La Orden de Agustinos Recoletos inici\u00f3 en Mar del Plata los festejos por los 100 a\u00f1os de su presencia en Argentina<\/strong>"},"content":{"rendered":"\n<p>En la tarde del S\u00e1bado 18 de enero, las distintas comunidades de la Orden de Agustinos Recoletos en Argentina y un gran n\u00famero fe fieles se encontraron en la Parroquia Nuestra Se\u00f1ora de F\u00e1tima, de nuestra di\u00f3cesis de Mar del Plata, para dar gracias por los 100 a\u00f1os de misi\u00f3n de la Orden en nuestro pa\u00eds.<\/p>\n\n\n\n<p>La Santa Misa fue presidida por monse\u00f1or Dar\u00edo Rub\u00e9n Quintana OAR, Obispo prelado de Cafayate y antiguo obispo auxiliar de Mar del Plata. Varios obispos concelebraron la Eucarist\u00eda, tales como nuestro administrador apost\u00f3lico, monse\u00f1or Ernesto Giobando SJ; monse\u00f1or Carlos Maria Dominguez OAR, obispo de San Rafael; monse\u00f1or Jorge Lozano, arzobispo metropolitano de San Juan de Cuyo y monse\u00f1or Mauricio Landra, Obispo auxiliar de Mercedes Luj\u00e1n. Asimismo, varios sacerdotes agustinos recoletos de diversos lugares y diocesanos de Mar del Plata participaron de la celebraci\u00f3n. Se encontraban presentes el Prior Provincial R.P. Fr. Javier Tello OAR y otros sacerdotes de la Orden de Agustinos Recoletos en Argentina, Espa\u00f1a, Brasil, Per\u00fa, Venezuela, India y Mexico.<\/p>\n\n\n\n<p>En su homil\u00eda, monse\u00f1or Quintana anim\u00f3 a los fieles de las comunidades recoletas, a mirar con coraz\u00f3n agradecido el camino recorrido y esperanzarse, en el Se\u00f1or que no defrauda, en el camino que a\u00fan queda por recorrer en la Vicar\u00eda de Argentina.<\/p>\n\n\n\n<p>Al finalizar la Santa Misa, los obispos ingresaron solemnemente la Imagen de la Virgen de F\u00e1tima, a quien consagraron la Vicar\u00eda de Argentina, la Orden, la Di\u00f3cesis y la Iglesia toda.<\/p>\n\n\n\n<figure class=\"wp-block-image size-large\"><img loading=\"lazy\" width=\"1024\" height=\"682\" src=\"https:\/\/www.obispado-mdp.org.ar\/a\/wp-content\/uploads\/2025\/01\/WhatsApp-Image-2025-01-19-at-7.29.03-PM-1-1024x682.jpeg\" alt=\"\" class=\"wp-image-45365\"\/><\/figure>\n\n\n\n<figure class=\"wp-block-image size-large is-resized\"><img loading=\"lazy\" src=\"https:\/\/www.obispado-mdp.org.ar\/a\/wp-content\/uploads\/2025\/01\/WhatsApp-Image-2025-01-19-at-12.50.08-PM-1-682x1024.jpeg\" alt=\"\" class=\"wp-image-45372\" width=\"820\" height=\"1231\"\/><\/figure>\n\n\n\n<figure class=\"wp-block-image size-large\"><img loading=\"lazy\" width=\"1024\" height=\"682\" src=\"https:\/\/www.obispado-mdp.org.ar\/a\/wp-content\/uploads\/2025\/01\/WhatsApp-Image-2025-01-19-at-7.29.58-PM-1-1024x682.jpeg\" alt=\"\" class=\"wp-image-45367\"\/><\/figure>\n\n\n\n<figure class=\"wp-block-image size-large\"><img loading=\"lazy\" width=\"1024\" height=\"682\" src=\"https:\/\/www.obispado-mdp.org.ar\/a\/wp-content\/uploads\/2025\/01\/WhatsApp-Image-2025-01-19-at-7.29.57-PM-1024x682.jpeg\" alt=\"\" class=\"wp-image-45366\"\/><\/figure>\n\n\n\n<figure class=\"wp-block-image size-large is-resized\"><img loading=\"lazy\" src=\"https:\/\/www.obispado-mdp.org.ar\/a\/wp-content\/uploads\/2025\/01\/WhatsApp-Image-2025-01-19-at-7.29.58-PM-682x1024.jpeg\" alt=\"\" class=\"wp-image-45370\" width=\"819\" height=\"1230\"\/><\/figure>\n\n\n\n<figure class=\"wp-block-image size-large\"><img loading=\"lazy\" width=\"1024\" height=\"768\" src=\"https:\/\/www.obispado-mdp.org.ar\/a\/wp-content\/uploads\/2025\/01\/WhatsApp-Image-2025-01-19-at-12.51.26-PM-1024x768.jpeg\" alt=\"\" class=\"wp-image-45369\"\/><\/figure>\n\n\n\n<figure class=\"wp-block-image size-large is-resized\"><img loading=\"lazy\" src=\"https:\/\/www.obispado-mdp.org.ar\/a\/wp-content\/uploads\/2025\/01\/WhatsApp-Image-2025-01-19-at-7.29.58-PM-2-682x1024.jpeg\" alt=\"\" class=\"wp-image-45371\" width=\"819\" height=\"1230\"\/><\/figure>\n","protected":false},"excerpt":{"rendered":"<p>En la tarde del S\u00e1bado 18 de enero, las distintas comunidades de la Orden de Agustinos Recoletos en Argentina y un gran n\u00famero fe fieles se encontraron en la Parroquia Nuestra Se\u00f1ora de F\u00e1tima, de nuestra di\u00f3cesis de Mar del Plata, para dar gracias por los 100 a\u00f1os de misi\u00f3n de la Orden en nuestro [&hellip;]<\/p>\n","protected":false},"author":4,"featured_media":0,"comment_status":"open","ping_status":"open","sticky":false,"template":"","format":"standard","meta":{"_et_pb_use_builder":"","_et_pb_old_content":"","_et_gb_content_width":""},"categories":[4],"tags":[],"aioseo_notices":[],"_links":{"self":[{"href":"https:\/\/www.obispado-mdp.org.ar\/a\/wp-json\/wp\/v2\/posts\/45363"}],"collection":[{"href":"https:\/\/www.obispado-mdp.org.ar\/a\/wp-json\/wp\/v2\/posts"}],"about":[{"href":"https:\/\/www.obispado-mdp.org.ar\/a\/wp-json\/wp\/v2\/types\/post"}],"author":[{"embeddable":true,"href":"https:\/\/www.obispado-mdp.org.ar\/a\/wp-json\/wp\/v2\/users\/4"}],"replies":[{"embeddable":true,"href":"https:\/\/www.obispado-mdp.org.ar\/a\/wp-json\/wp\/v2\/comments?post=45363"}],"version-history":[{"count":2,"href":"https:\/\/www.obispado-mdp.org.ar\/a\/wp-json\/wp\/v2\/posts\/45363\/revisions"}],"predecessor-version":[{"id":45373,"href":"https:\/\/www.obispado-mdp.org.ar\/a\/wp-json\/wp\/v2\/posts\/45363\/revisions\/45373"}],"wp:attachment":[{"href":"https:\/\/www.obispado-mdp.org.ar\/a\/wp-json\/wp\/v2\/media?parent=45363"}],"wp:term":[{"taxonomy":"category","embeddable":true,"href":"https:\/\/www.obispado-mdp.org.ar\/a\/wp-json\/wp\/v2\/categories?post=45363"},{"taxonomy":"post_tag","embeddable":true,"href":"https:\/\/www.obispado-mdp.org.ar\/a\/wp-json\/wp\/v2\/tags?post=45363"}],"curies":[{"name":"wp","href":"https:\/\/api.w.org\/{rel}","templated":true}]}}