{"id":45380,"date":"2025-01-21T10:49:25","date_gmt":"2025-01-21T13:49:25","guid":{"rendered":"https:\/\/www.obispado-mdp.org.ar\/a\/?p=45380"},"modified":"2025-01-21T11:02:42","modified_gmt":"2025-01-21T14:02:42","slug":"comienzo-al-ano-jubilar-en-miramar","status":"publish","type":"post","link":"https:\/\/www.obispado-mdp.org.ar\/a\/comienzo-al-ano-jubilar-en-miramar\/","title":{"rendered":"<strong>Misa por el A\u00f1o Jubilar en la Parroquia San Andr\u00e9s de Miramar<\/strong>"},"content":{"rendered":"\n<p><strong>Misa por el A\u00f1o Jubilar en la Parroquia San Andr\u00e9s de Miramar<\/strong><\/p>\n\n\n\n<p>La comunidad local y turista de la Parroquia San Andr\u00e9s, de la localidad de Miramar celebr\u00f3 este domingo 19 de enero junto al administrador apost\u00f3lico y obispo electo de nuestra di\u00f3cesis, monse\u00f1or Ernesto Giobando sj, el inicio del A\u00f1o Jubilar. Precisamente, ese templo parroquial es una de las \u201ciglesias jubilares\u201d dispuestas por el Administrador Apost\u00f3lico para recibir la gracia de este A\u00f1o Santo, que es la indulgencia plenaria.<\/p>\n\n\n\n<p>La Misa, en la que concelebr\u00f3 el cura p\u00e1rroco, presb\u00edtero Pablo Boldrini, cont\u00f3 con la participaci\u00f3n de gran n\u00famero de fieles, quienes manifestaron con su presencia y oraci\u00f3n su anhelo de renovar la fe en este a\u00f1o convocado por el Papa bajo el lema \u201cPeregrinos de Esperanza\u201d.<\/p>\n\n\n\n<p>En su homil\u00eda, monse\u00f1or Giobando explic\u00f3 qu\u00e9 significa el A\u00f1o Jubilar y anim\u00f3 a los fieles a renovar su esperanza haciendo experiencia de la misericordia de Dios en este a\u00f1o de gracia.<\/p>\n\n\n\n<p><\/p>\n\n\n\n<p><\/p>\n\n\n\n<figure class=\"wp-block-image size-large is-resized\"><img loading=\"lazy\" src=\"https:\/\/www.obispado-mdp.org.ar\/a\/wp-content\/uploads\/2025\/01\/WhatsApp-Image-2025-01-20-at-5.23.02-PM-1-681x1024.jpeg\" alt=\"\" class=\"wp-image-45382\" width=\"819\" height=\"1232\"\/><\/figure>\n\n\n\n<figure class=\"wp-block-image size-large\"><img loading=\"lazy\" width=\"1024\" height=\"681\" src=\"https:\/\/www.obispado-mdp.org.ar\/a\/wp-content\/uploads\/2025\/01\/WhatsApp-Image-2025-01-20-at-5.23.03-PM-1024x681.jpeg\" alt=\"\" class=\"wp-image-45391\"\/><\/figure>\n\n\n\n<figure class=\"wp-block-image size-large\"><img loading=\"lazy\" width=\"1024\" height=\"681\" src=\"https:\/\/www.obispado-mdp.org.ar\/a\/wp-content\/uploads\/2025\/01\/WhatsApp-Image-2025-01-20-at-5.23.01-PM-1-1024x681.jpeg\" alt=\"\" class=\"wp-image-45381\"\/><\/figure>\n\n\n\n<figure class=\"wp-block-image size-large\"><img loading=\"lazy\" width=\"1024\" height=\"681\" src=\"https:\/\/www.obispado-mdp.org.ar\/a\/wp-content\/uploads\/2025\/01\/WhatsApp-Image-2025-01-20-at-5.22.59-PM-1-1024x681.jpeg\" alt=\"\" class=\"wp-image-45386\"\/><\/figure>\n\n\n\n<figure class=\"wp-block-image size-large\"><img loading=\"lazy\" width=\"1024\" height=\"681\" src=\"https:\/\/www.obispado-mdp.org.ar\/a\/wp-content\/uploads\/2025\/01\/WhatsApp-Image-2025-01-20-at-5.22.59-PM-1024x681.jpeg\" alt=\"\" class=\"wp-image-45387\"\/><\/figure>\n\n\n\n<figure class=\"wp-block-image size-large\"><img loading=\"lazy\" width=\"1024\" height=\"681\" src=\"https:\/\/www.obispado-mdp.org.ar\/a\/wp-content\/uploads\/2025\/01\/WhatsApp-Image-2025-01-20-at-5.23.01-PM-1024x681.jpeg\" alt=\"\" class=\"wp-image-45383\"\/><\/figure>\n\n\n\n<figure class=\"wp-block-image size-large\"><img loading=\"lazy\" width=\"1024\" height=\"681\" src=\"https:\/\/www.obispado-mdp.org.ar\/a\/wp-content\/uploads\/2025\/01\/WhatsApp-Image-2025-01-20-at-5.23.00-PM-1024x681.jpeg\" alt=\"\" class=\"wp-image-45389\"\/><\/figure>\n\n\n\n<figure class=\"wp-block-image size-large\"><img loading=\"lazy\" width=\"1024\" height=\"681\" src=\"https:\/\/www.obispado-mdp.org.ar\/a\/wp-content\/uploads\/2025\/01\/WhatsApp-Image-2025-01-20-at-5.23.08-PM-1024x681.jpeg\" alt=\"\" class=\"wp-image-45385\"\/><\/figure>\n\n\n\n<figure class=\"wp-block-image size-large\"><img loading=\"lazy\" width=\"1024\" height=\"949\" src=\"https:\/\/www.obispado-mdp.org.ar\/a\/wp-content\/uploads\/2025\/01\/WhatsApp-Image-2025-01-20-at-5.23.08-PM-1-1024x949.jpeg\" alt=\"\" class=\"wp-image-45384\"\/><\/figure>\n\n\n\n<figure class=\"wp-block-image size-large\"><img loading=\"lazy\" width=\"1024\" height=\"367\" src=\"https:\/\/www.obispado-mdp.org.ar\/a\/wp-content\/uploads\/2025\/01\/WhatsApp-Image-2025-01-20-at-5.23.07-PM-1024x367.jpeg\" alt=\"\" class=\"wp-image-45388\"\/><\/figure>\n","protected":false},"excerpt":{"rendered":"<p>Misa por el A\u00f1o Jubilar en la Parroquia San Andr\u00e9s de Miramar La comunidad local y turista de la Parroquia San Andr\u00e9s, de la localidad de Miramar celebr\u00f3 este domingo 19 de enero junto al administrador apost\u00f3lico y obispo electo de nuestra di\u00f3cesis, monse\u00f1or Ernesto Giobando sj, el inicio del A\u00f1o Jubilar. Precisamente, ese templo [&hellip;]<\/p>\n","protected":false},"author":4,"featured_media":0,"comment_status":"open","ping_status":"open","sticky":false,"template":"","format":"standard","meta":{"_et_pb_use_builder":"","_et_pb_old_content":"","_et_gb_content_width":""},"categories":[4],"tags":[],"aioseo_notices":[],"_links":{"self":[{"href":"https:\/\/www.obispado-mdp.org.ar\/a\/wp-json\/wp\/v2\/posts\/45380"}],"collection":[{"href":"https:\/\/www.obispado-mdp.org.ar\/a\/wp-json\/wp\/v2\/posts"}],"about":[{"href":"https:\/\/www.obispado-mdp.org.ar\/a\/wp-json\/wp\/v2\/types\/post"}],"author":[{"embeddable":true,"href":"https:\/\/www.obispado-mdp.org.ar\/a\/wp-json\/wp\/v2\/users\/4"}],"replies":[{"embeddable":true,"href":"https:\/\/www.obispado-mdp.org.ar\/a\/wp-json\/wp\/v2\/comments?post=45380"}],"version-history":[{"count":4,"href":"https:\/\/www.obispado-mdp.org.ar\/a\/wp-json\/wp\/v2\/posts\/45380\/revisions"}],"predecessor-version":[{"id":45395,"href":"https:\/\/www.obispado-mdp.org.ar\/a\/wp-json\/wp\/v2\/posts\/45380\/revisions\/45395"}],"wp:attachment":[{"href":"https:\/\/www.obispado-mdp.org.ar\/a\/wp-json\/wp\/v2\/media?parent=45380"}],"wp:term":[{"taxonomy":"category","embeddable":true,"href":"https:\/\/www.obispado-mdp.org.ar\/a\/wp-json\/wp\/v2\/categories?post=45380"},{"taxonomy":"post_tag","embeddable":true,"href":"https:\/\/www.obispado-mdp.org.ar\/a\/wp-json\/wp\/v2\/tags?post=45380"}],"curies":[{"name":"wp","href":"https:\/\/api.w.org\/{rel}","templated":true}]}}