{"id":45396,"date":"2025-01-21T17:44:45","date_gmt":"2025-01-21T20:44:45","guid":{"rendered":"https:\/\/www.obispado-mdp.org.ar\/a\/?p=45396"},"modified":"2025-01-21T23:14:50","modified_gmt":"2025-01-22T02:14:50","slug":"con-la-mision-en-laguna-la-brava-comenzaron-las-misiones-rurales-de-balcarce","status":"publish","type":"post","link":"https:\/\/www.obispado-mdp.org.ar\/a\/con-la-mision-en-laguna-la-brava-comenzaron-las-misiones-rurales-de-balcarce\/","title":{"rendered":"Concluy\u00f3 la misi\u00f3n juvenil en la Gloria de la Peregrina"},"content":{"rendered":"\n<p>J\u00f3venes pertenecientes al Movimiento Juvenil Diocesano (MJD) participaron de una misi\u00f3n en La Gloria de la Peregrina, que se desarroll\u00f3 entre el 13 y el 19 de este mes. De esta manera concluyeron un ciclo de 3 a\u00f1os en los que misionaron cada verano en esa zona, perteneciente a la jurisdicci\u00f3n de la Parroquia Nuestra Se\u00f1ora del Pilar, de Sierra de los Padres.<\/p>\n\n\n\n<p>Los misioneros, provenientes de distintas parroquias, se alojaron en las instalaciones de la capilla, y recorrieron las casas de la zona llevando el mensaje del Evangelio e invitando a los vecinos a participar de las actividades preparadas para esos d\u00edas de misi\u00f3n.<\/p>\n\n\n\n<p>Entre las principales propuestas llevadas a cabo por los j\u00f3venes, se destacaron las actividades abiertas a la comunidad: catequesis, charlas, juegos, kermesse, entre otras.<\/p>\n\n\n\n<p>La Misa de cierre fue presidida por el administrador apost\u00f3lico y obispo electo de nuestra di\u00f3cesis, monse\u00f1or Ernesto Giobando sj, y concelebrada por el asesor del MJD, presb\u00edtero Lucas Di Leva, quien acompa\u00f1\u00f3 la semana de misi\u00f3n. En el marco de esa Eucarist\u00eda, ni\u00f1os y j\u00f3venes recibieron el sacramento del Bautismo.<\/p>\n\n\n\n<p>El padre Di Leva expres\u00f3 su \u201cagradecimiento a Dios por los d\u00edas vividos\u201d y expres\u00f3 que ya est\u00e1n \u201cpreparando el coraz\u00f3n para un nuevo destino de misi\u00f3n para la pr\u00f3xima misi\u00f3n de verano del Movimiento Juvenil Diocesano.\u201d Por su parte monse\u00f1or Giobando agradeci\u00f3 la tarea de los j\u00f3venes y del padre Lucas y los anim\u00f3 a seguir comprometidos con la misi\u00f3n y con el Evangelio de Jes\u00fas.<\/p>\n\n\n\n<p><\/p>\n\n\n\n<p><\/p>\n\n\n\n<figure class=\"wp-block-image size-large\"><img loading=\"lazy\" width=\"1024\" height=\"576\" src=\"https:\/\/www.obispado-mdp.org.ar\/a\/wp-content\/uploads\/2025\/01\/WhatsApp-Image-2025-01-21-at-11.25.20-AM-1024x576.jpeg\" alt=\"\" class=\"wp-image-45397\"\/><\/figure>\n\n\n\n<figure class=\"wp-block-image size-large\"><img loading=\"lazy\" width=\"1024\" height=\"768\" src=\"https:\/\/www.obispado-mdp.org.ar\/a\/wp-content\/uploads\/2025\/01\/WhatsApp-Image-2025-01-21-at-11.25.15-AM-1024x768.jpeg\" alt=\"\" class=\"wp-image-45398\"\/><\/figure>\n\n\n\n<figure class=\"wp-block-image size-large\"><img loading=\"lazy\" width=\"1024\" height=\"768\" src=\"https:\/\/www.obispado-mdp.org.ar\/a\/wp-content\/uploads\/2025\/01\/WhatsApp-Image-2025-01-21-at-11.25.16-AM-1-1024x768.jpeg\" alt=\"\" class=\"wp-image-45399\"\/><\/figure>\n\n\n\n<figure class=\"wp-block-image size-large\"><img loading=\"lazy\" width=\"1024\" height=\"576\" src=\"https:\/\/www.obispado-mdp.org.ar\/a\/wp-content\/uploads\/2025\/01\/WhatsApp-Image-2025-01-21-at-11.25.19-AM-1-1024x576.jpeg\" alt=\"\" class=\"wp-image-45400\"\/><\/figure>\n\n\n\n<figure class=\"wp-block-image size-large\"><img loading=\"lazy\" width=\"1024\" height=\"576\" src=\"https:\/\/www.obispado-mdp.org.ar\/a\/wp-content\/uploads\/2025\/01\/WhatsApp-Image-2025-01-21-at-11.25.19-AM-1024x576.jpeg\" alt=\"\" class=\"wp-image-45401\"\/><\/figure>\n","protected":false},"excerpt":{"rendered":"<p>J\u00f3venes pertenecientes al Movimiento Juvenil Diocesano (MJD) participaron de una misi\u00f3n en La Gloria de la Peregrina, que se desarroll\u00f3 entre el 13 y el 19 de este mes. De esta manera concluyeron un ciclo de 3 a\u00f1os en los que misionaron cada verano en esa zona, perteneciente a la jurisdicci\u00f3n de la Parroquia Nuestra [&hellip;]<\/p>\n","protected":false},"author":4,"featured_media":0,"comment_status":"open","ping_status":"open","sticky":false,"template":"","format":"standard","meta":{"_et_pb_use_builder":"","_et_pb_old_content":"","_et_gb_content_width":""},"categories":[4],"tags":[],"aioseo_notices":[],"_links":{"self":[{"href":"https:\/\/www.obispado-mdp.org.ar\/a\/wp-json\/wp\/v2\/posts\/45396"}],"collection":[{"href":"https:\/\/www.obispado-mdp.org.ar\/a\/wp-json\/wp\/v2\/posts"}],"about":[{"href":"https:\/\/www.obispado-mdp.org.ar\/a\/wp-json\/wp\/v2\/types\/post"}],"author":[{"embeddable":true,"href":"https:\/\/www.obispado-mdp.org.ar\/a\/wp-json\/wp\/v2\/users\/4"}],"replies":[{"embeddable":true,"href":"https:\/\/www.obispado-mdp.org.ar\/a\/wp-json\/wp\/v2\/comments?post=45396"}],"version-history":[{"count":2,"href":"https:\/\/www.obispado-mdp.org.ar\/a\/wp-json\/wp\/v2\/posts\/45396\/revisions"}],"predecessor-version":[{"id":45404,"href":"https:\/\/www.obispado-mdp.org.ar\/a\/wp-json\/wp\/v2\/posts\/45396\/revisions\/45404"}],"wp:attachment":[{"href":"https:\/\/www.obispado-mdp.org.ar\/a\/wp-json\/wp\/v2\/media?parent=45396"}],"wp:term":[{"taxonomy":"category","embeddable":true,"href":"https:\/\/www.obispado-mdp.org.ar\/a\/wp-json\/wp\/v2\/categories?post=45396"},{"taxonomy":"post_tag","embeddable":true,"href":"https:\/\/www.obispado-mdp.org.ar\/a\/wp-json\/wp\/v2\/tags?post=45396"}],"curies":[{"name":"wp","href":"https:\/\/api.w.org\/{rel}","templated":true}]}}