{"id":45405,"date":"2025-01-22T16:24:50","date_gmt":"2025-01-22T19:24:50","guid":{"rendered":"https:\/\/www.obispado-mdp.org.ar\/a\/?p=45405"},"modified":"2025-01-22T16:24:51","modified_gmt":"2025-01-22T19:24:51","slug":"con-la-mision-en-laguna-la-brava-comenzaron-las-misiones-rurales-de-balcarce-2","status":"publish","type":"post","link":"https:\/\/www.obispado-mdp.org.ar\/a\/con-la-mision-en-laguna-la-brava-comenzaron-las-misiones-rurales-de-balcarce-2\/","title":{"rendered":"<strong>Con la misi\u00f3n en Laguna La Brava comenzaron las Misiones Rurales de Balcarce<\/strong>"},"content":{"rendered":"\n<p>Bajo el lema \u201cEn Jes\u00fas ponemos nuestra esperanza\u201d, la comunidad de la Parroquia San Jos\u00e9, de Balcarce, lleva adelante una vez m\u00e1s las Misiones Rurales. Como en cada edici\u00f3n, los misioneros -de todas las edades- se alojan en una escuela rural, que es a su vez sede durante esos d\u00edas de la celebraci\u00f3n de los sacramentos. Desde all\u00ed parten a visitar a los trabajadores y las familias de la zona rural.<\/p>\n\n\n\n<p>En esta ocasi\u00f3n se mision\u00f3 en el Paraje Bosch, en Laguna La Brava y en Ramos Otero, y fueron muchos los j\u00f3venes y adultos de la Parroquia que participaron de la propuesta, que estuvo acompa\u00f1ada por el p\u00e1rroco, presb\u00edtero Pablo Etchepareborda, y por seminaristas diocesanos. Por su parte el administrador apost\u00f3lico, monse\u00f1or Ernesto Giobando sj, se hizo presente tambi\u00e9n para acompa\u00f1ar y celebrar la Eucarist\u00eda y sacramentos de iniciaci\u00f3n cristiana.<\/p>\n\n\n\n<p><\/p>\n\n\n\n<figure class=\"wp-block-image size-large\"><img loading=\"lazy\" width=\"1024\" height=\"576\" src=\"https:\/\/www.obispado-mdp.org.ar\/a\/wp-content\/uploads\/2025\/01\/WhatsApp-Image-2025-01-22-at-8.05.40-AM-1-1024x576.jpeg\" alt=\"\" class=\"wp-image-45406\"\/><\/figure>\n\n\n\n<figure class=\"wp-block-image size-large is-resized\"><img loading=\"lazy\" src=\"https:\/\/www.obispado-mdp.org.ar\/a\/wp-content\/uploads\/2025\/01\/WhatsApp-Image-2025-01-22-at-8.05.40-AM-2-576x1024.jpeg\" alt=\"\" class=\"wp-image-45407\" width=\"820\" height=\"1458\"\/><\/figure>\n\n\n\n<figure class=\"wp-block-image size-large is-resized\"><img loading=\"lazy\" src=\"https:\/\/www.obispado-mdp.org.ar\/a\/wp-content\/uploads\/2025\/01\/WhatsApp-Image-2025-01-22-at-8.05.41-AM-576x1024.jpeg\" alt=\"\" class=\"wp-image-45408\" width=\"819\" height=\"1456\"\/><\/figure>\n\n\n\n<figure class=\"wp-block-image size-large is-resized\"><img loading=\"lazy\" src=\"https:\/\/www.obispado-mdp.org.ar\/a\/wp-content\/uploads\/2025\/01\/WhatsApp-Image-2025-01-22-at-8.05.44-AM-576x1024.jpeg\" alt=\"\" class=\"wp-image-45411\" width=\"821\" height=\"1460\"\/><\/figure>\n\n\n\n<figure class=\"wp-block-image size-large\"><img loading=\"lazy\" width=\"1024\" height=\"768\" src=\"https:\/\/www.obispado-mdp.org.ar\/a\/wp-content\/uploads\/2025\/01\/WhatsApp-Image-2025-01-22-at-8.05.42-AM-1-1024x768.jpeg\" alt=\"\" class=\"wp-image-45410\"\/><\/figure>\n","protected":false},"excerpt":{"rendered":"<p>Bajo el lema \u201cEn Jes\u00fas ponemos nuestra esperanza\u201d, la comunidad de la Parroquia San Jos\u00e9, de Balcarce, lleva adelante una vez m\u00e1s las Misiones Rurales. Como en cada edici\u00f3n, los misioneros -de todas las edades- se alojan en una escuela rural, que es a su vez sede durante esos d\u00edas de la celebraci\u00f3n de los [&hellip;]<\/p>\n","protected":false},"author":4,"featured_media":0,"comment_status":"open","ping_status":"open","sticky":false,"template":"","format":"standard","meta":{"_et_pb_use_builder":"","_et_pb_old_content":"","_et_gb_content_width":""},"categories":[4],"tags":[],"aioseo_notices":[],"_links":{"self":[{"href":"https:\/\/www.obispado-mdp.org.ar\/a\/wp-json\/wp\/v2\/posts\/45405"}],"collection":[{"href":"https:\/\/www.obispado-mdp.org.ar\/a\/wp-json\/wp\/v2\/posts"}],"about":[{"href":"https:\/\/www.obispado-mdp.org.ar\/a\/wp-json\/wp\/v2\/types\/post"}],"author":[{"embeddable":true,"href":"https:\/\/www.obispado-mdp.org.ar\/a\/wp-json\/wp\/v2\/users\/4"}],"replies":[{"embeddable":true,"href":"https:\/\/www.obispado-mdp.org.ar\/a\/wp-json\/wp\/v2\/comments?post=45405"}],"version-history":[{"count":1,"href":"https:\/\/www.obispado-mdp.org.ar\/a\/wp-json\/wp\/v2\/posts\/45405\/revisions"}],"predecessor-version":[{"id":45412,"href":"https:\/\/www.obispado-mdp.org.ar\/a\/wp-json\/wp\/v2\/posts\/45405\/revisions\/45412"}],"wp:attachment":[{"href":"https:\/\/www.obispado-mdp.org.ar\/a\/wp-json\/wp\/v2\/media?parent=45405"}],"wp:term":[{"taxonomy":"category","embeddable":true,"href":"https:\/\/www.obispado-mdp.org.ar\/a\/wp-json\/wp\/v2\/categories?post=45405"},{"taxonomy":"post_tag","embeddable":true,"href":"https:\/\/www.obispado-mdp.org.ar\/a\/wp-json\/wp\/v2\/tags?post=45405"}],"curies":[{"name":"wp","href":"https:\/\/api.w.org\/{rel}","templated":true}]}}