{"id":45413,"date":"2025-01-24T08:08:00","date_gmt":"2025-01-24T11:08:00","guid":{"rendered":"https:\/\/www.obispado-mdp.org.ar\/a\/?p=45413"},"modified":"2025-01-27T08:34:58","modified_gmt":"2025-01-27T11:34:58","slug":"pinamar-celebro-a-su-patrona-nuestra-senora-de-la-paz","status":"publish","type":"post","link":"https:\/\/www.obispado-mdp.org.ar\/a\/pinamar-celebro-a-su-patrona-nuestra-senora-de-la-paz\/","title":{"rendered":"<strong>Pinamar celebr\u00f3 a su Patrona, Nuestra Se\u00f1ora de la Paz<\/strong>"},"content":{"rendered":"\n<p>Este viernes 24, la comunidad de la Parroquia Nuestra Se\u00f1ora de la Paz, de Pinamar, celebr\u00f3 a su patrona con una Misa solemne presidida por el administrador apost\u00f3lico y obispo electo de nuestra di\u00f3cesis, monse\u00f1or Ernesto Giobando sj. La misma fue concelebrada por el cura p\u00e1rroco, presb\u00edtero Marcelo Panebianco y por los sacerdotes Fernando Mendoza y Juan Cruz Mennilli.&nbsp;<\/p>\n\n\n\n<p>En el marco de la celebraci\u00f3n, el candidato al diaconado Adri\u00e1n Rivero -oriundo de esa comunidad- recibi\u00f3 el ministerio del Lectorado.&nbsp;<\/p>\n\n\n\n<p>Monse\u00f1or Giobando enfatiz\u00f3 en su pr\u00e9dica que \u201cla paz que nos da Dios no es una paz que podamos atesorar o guardar para nosotros mismos sino que nos abre a los dem\u00e1s, es una paz como la de Mar\u00eda, que nos la transmite a todos los que la invocamos\u201d y anim\u00f3 a los presentes a \u201cpacificar nuestros corazones para poder llevar la paz a nuestra Iglesia y a nuestra sociedad.\u201d<\/p>\n\n\n\n<p>Por su parte el padre Panebianco agradeci\u00f3 la presencia del Obispo y el trabajo de los miembros de la comunidad que hicieron posible la celebraci\u00f3n, de la que no solo participaron pinamarenses sino tambi\u00e9n un gran n\u00famero de turistas que veranean por estos d\u00edas en la localidad<strong>.<\/strong><strong>&nbsp;<\/strong><\/p>\n\n\n\n<figure class=\"wp-block-image size-large\"><img loading=\"lazy\" width=\"1024\" height=\"768\" src=\"https:\/\/www.obispado-mdp.org.ar\/a\/wp-content\/uploads\/2025\/01\/474767758_9405465192867455_4921584436053571063_n-1024x768.jpg\" alt=\"\" class=\"wp-image-45414\"\/><\/figure>\n\n\n\n<figure class=\"wp-block-image size-large is-resized\"><img loading=\"lazy\" src=\"https:\/\/www.obispado-mdp.org.ar\/a\/wp-content\/uploads\/2025\/01\/474773374_9405462826201025_6317591770622234460_n-768x1024.jpg\" alt=\"\" class=\"wp-image-45417\" width=\"818\" height=\"1091\"\/><\/figure>\n\n\n\n<figure class=\"wp-block-image size-large is-resized\"><img loading=\"lazy\" src=\"https:\/\/www.obispado-mdp.org.ar\/a\/wp-content\/uploads\/2025\/01\/475022026_9405461529534488_1992865413419859574_n-768x1024.jpg\" alt=\"\" class=\"wp-image-45415\" width=\"818\" height=\"1091\"\/><\/figure>\n\n\n\n<figure class=\"wp-block-image size-large is-resized\"><img loading=\"lazy\" src=\"https:\/\/www.obispado-mdp.org.ar\/a\/wp-content\/uploads\/2025\/01\/474798757_9405465692867405_7132546645046639061_n-768x1024.jpg\" alt=\"\" class=\"wp-image-45416\" width=\"820\" height=\"1093\"\/><\/figure>\n","protected":false},"excerpt":{"rendered":"<p>Este viernes 24, la comunidad de la Parroquia Nuestra Se\u00f1ora de la Paz, de Pinamar, celebr\u00f3 a su patrona con una Misa solemne presidida por el administrador apost\u00f3lico y obispo electo de nuestra di\u00f3cesis, monse\u00f1or Ernesto Giobando sj. La misma fue concelebrada por el cura p\u00e1rroco, presb\u00edtero Marcelo Panebianco y por los sacerdotes Fernando Mendoza [&hellip;]<\/p>\n","protected":false},"author":4,"featured_media":0,"comment_status":"open","ping_status":"open","sticky":false,"template":"","format":"standard","meta":{"_et_pb_use_builder":"","_et_pb_old_content":"","_et_gb_content_width":""},"categories":[4],"tags":[],"aioseo_notices":[],"_links":{"self":[{"href":"https:\/\/www.obispado-mdp.org.ar\/a\/wp-json\/wp\/v2\/posts\/45413"}],"collection":[{"href":"https:\/\/www.obispado-mdp.org.ar\/a\/wp-json\/wp\/v2\/posts"}],"about":[{"href":"https:\/\/www.obispado-mdp.org.ar\/a\/wp-json\/wp\/v2\/types\/post"}],"author":[{"embeddable":true,"href":"https:\/\/www.obispado-mdp.org.ar\/a\/wp-json\/wp\/v2\/users\/4"}],"replies":[{"embeddable":true,"href":"https:\/\/www.obispado-mdp.org.ar\/a\/wp-json\/wp\/v2\/comments?post=45413"}],"version-history":[{"count":1,"href":"https:\/\/www.obispado-mdp.org.ar\/a\/wp-json\/wp\/v2\/posts\/45413\/revisions"}],"predecessor-version":[{"id":45418,"href":"https:\/\/www.obispado-mdp.org.ar\/a\/wp-json\/wp\/v2\/posts\/45413\/revisions\/45418"}],"wp:attachment":[{"href":"https:\/\/www.obispado-mdp.org.ar\/a\/wp-json\/wp\/v2\/media?parent=45413"}],"wp:term":[{"taxonomy":"category","embeddable":true,"href":"https:\/\/www.obispado-mdp.org.ar\/a\/wp-json\/wp\/v2\/categories?post=45413"},{"taxonomy":"post_tag","embeddable":true,"href":"https:\/\/www.obispado-mdp.org.ar\/a\/wp-json\/wp\/v2\/tags?post=45413"}],"curies":[{"name":"wp","href":"https:\/\/api.w.org\/{rel}","templated":true}]}}