{"id":45419,"date":"2025-01-25T08:31:00","date_gmt":"2025-01-25T11:31:00","guid":{"rendered":"https:\/\/www.obispado-mdp.org.ar\/a\/?p=45419"},"modified":"2025-01-27T08:35:26","modified_gmt":"2025-01-27T11:35:26","slug":"fiesta-de-santiago-apostol-en-villa-gesell","status":"publish","type":"post","link":"https:\/\/www.obispado-mdp.org.ar\/a\/fiesta-de-santiago-apostol-en-villa-gesell\/","title":{"rendered":"<strong>Fiesta de Santiago Ap\u00f3stol en Villa Gesell<\/strong>"},"content":{"rendered":"\n<p>La comunidad local y tur\u00edstica de Villa Gesell celebr\u00f3 el pasado s\u00e1bado 25 a Santiago Ap\u00f3stol en el Santuario que lo tiene por Patrono. La misma estuvo presidida por el administrador apost\u00f3lico y obispo electo de Mar del Plata, monse\u00f1or Ernesto Giobando sj, y concelebrada por el cura p\u00e1rroco, presb\u00edtero Pablo Bosisio, adem\u00e1s de varios sacerdotes de distintas di\u00f3cesis que se encuentran descansando en esa localidad y colaboran con la atenci\u00f3n pastoral.<\/p>\n\n\n\n<p>Cabe destacar que si bien la fiesta lit\u00fargica de Santiago Ap\u00f3stol es el 25 de julio, hace ya casi 20 a\u00f1os que en Villa Gesell se realiza adem\u00e1s una celebraci\u00f3n en verano, para poder compartirla con la comunidad tur\u00edstica, que encuentra en esta festividad una ocasi\u00f3n para renovar su fe.<\/p>\n\n\n\n<p>La celebraci\u00f3n comenz\u00f3 con una breve procesi\u00f3n y a continuaci\u00f3n tuvo lugar la Santa Misa, en la que el Obispo destac\u00f3 que \u201cen este a\u00f1o de gracia, a\u00f1o jubilar, Santiago nos invita justamente a ser peregrinos de esperanza\u201d, y luego de destacar que ese fin de semana se celebraba el \u201cDomingo de la Palabra de Dios\u201d, pidi\u00f3 que \u201cas\u00ed como \u00e9l predicaba el Evangelio por los caminos de Espa\u00f1a, podamos tambi\u00e9n nosotros anunciar la Palabra en nuestros caminos.\u201d<\/p>\n\n\n\n<p>Finalizada la Misa se realiz\u00f3 la tradicional volada del botafumeiro que \u2013seg\u00fan se sabe- es uno de los tres de ese tipo que hay en el mundo. A continuaci\u00f3n se realiz\u00f3 un festejo en la explanada del Santuario que cont\u00f3 con n\u00fameros musicales y oferta gastron\u00f3mica a cargo de la comunidad parroquial, y gener\u00f3 un marco de encuentro y celebraci\u00f3n.<\/p>\n\n\n\n<figure class=\"wp-block-image size-large is-resized\"><img loading=\"lazy\" src=\"https:\/\/www.obispado-mdp.org.ar\/a\/wp-content\/uploads\/2025\/01\/NOTICIAS-DEL-OBISPO-12-1024x1024.png\" alt=\"\" class=\"wp-image-45422\" width=\"601\" height=\"601\"\/><\/figure>\n\n\n\n<figure class=\"wp-block-image size-large is-resized\"><img loading=\"lazy\" src=\"https:\/\/www.obispado-mdp.org.ar\/a\/wp-content\/uploads\/2025\/01\/WhatsApp-Image-2025-01-26-at-10.36.59-AM-2-602x1024.jpeg\" alt=\"\" class=\"wp-image-45421\" width=\"602\" height=\"1024\"\/><\/figure>\n\n\n\n<figure class=\"wp-block-image size-large is-resized\"><img loading=\"lazy\" src=\"https:\/\/www.obispado-mdp.org.ar\/a\/wp-content\/uploads\/2025\/01\/474484492_10232661733517930_7125365016654724036_n-1024x576.jpg\" alt=\"\" class=\"wp-image-45423\" width=\"598\" height=\"336\"\/><\/figure>\n\n\n\n<figure class=\"wp-block-image size-large is-resized\"><img loading=\"lazy\" src=\"https:\/\/www.obispado-mdp.org.ar\/a\/wp-content\/uploads\/2025\/01\/474520463_10232661734077944_1997580534632878233_n-1024x576.jpg\" alt=\"\" class=\"wp-image-45424\" width=\"593\" height=\"333\"\/><\/figure>\n","protected":false},"excerpt":{"rendered":"<p>La comunidad local y tur\u00edstica de Villa Gesell celebr\u00f3 el pasado s\u00e1bado 25 a Santiago Ap\u00f3stol en el Santuario que lo tiene por Patrono. La misma estuvo presidida por el administrador apost\u00f3lico y obispo electo de Mar del Plata, monse\u00f1or Ernesto Giobando sj, y concelebrada por el cura p\u00e1rroco, presb\u00edtero Pablo Bosisio, adem\u00e1s de varios [&hellip;]<\/p>\n","protected":false},"author":4,"featured_media":0,"comment_status":"open","ping_status":"open","sticky":false,"template":"","format":"standard","meta":{"_et_pb_use_builder":"","_et_pb_old_content":"","_et_gb_content_width":""},"categories":[4],"tags":[],"aioseo_notices":[],"_links":{"self":[{"href":"https:\/\/www.obispado-mdp.org.ar\/a\/wp-json\/wp\/v2\/posts\/45419"}],"collection":[{"href":"https:\/\/www.obispado-mdp.org.ar\/a\/wp-json\/wp\/v2\/posts"}],"about":[{"href":"https:\/\/www.obispado-mdp.org.ar\/a\/wp-json\/wp\/v2\/types\/post"}],"author":[{"embeddable":true,"href":"https:\/\/www.obispado-mdp.org.ar\/a\/wp-json\/wp\/v2\/users\/4"}],"replies":[{"embeddable":true,"href":"https:\/\/www.obispado-mdp.org.ar\/a\/wp-json\/wp\/v2\/comments?post=45419"}],"version-history":[{"count":2,"href":"https:\/\/www.obispado-mdp.org.ar\/a\/wp-json\/wp\/v2\/posts\/45419\/revisions"}],"predecessor-version":[{"id":45426,"href":"https:\/\/www.obispado-mdp.org.ar\/a\/wp-json\/wp\/v2\/posts\/45419\/revisions\/45426"}],"wp:attachment":[{"href":"https:\/\/www.obispado-mdp.org.ar\/a\/wp-json\/wp\/v2\/media?parent=45419"}],"wp:term":[{"taxonomy":"category","embeddable":true,"href":"https:\/\/www.obispado-mdp.org.ar\/a\/wp-json\/wp\/v2\/categories?post=45419"},{"taxonomy":"post_tag","embeddable":true,"href":"https:\/\/www.obispado-mdp.org.ar\/a\/wp-json\/wp\/v2\/tags?post=45419"}],"curies":[{"name":"wp","href":"https:\/\/api.w.org\/{rel}","templated":true}]}}