{"id":45427,"date":"2025-01-27T14:07:37","date_gmt":"2025-01-27T17:07:37","guid":{"rendered":"https:\/\/www.obispado-mdp.org.ar\/a\/?p=45427"},"modified":"2025-01-27T14:07:38","modified_gmt":"2025-01-27T17:07:38","slug":"monsenor-giobando-encabezo-la-procesion-de-san-salvador","status":"publish","type":"post","link":"https:\/\/www.obispado-mdp.org.ar\/a\/monsenor-giobando-encabezo-la-procesion-de-san-salvador\/","title":{"rendered":"Monse\u00f1or Giobando encabez\u00f3 la Procesi\u00f3n de San Salvador"},"content":{"rendered":"\n<p>Presidida por el Obispo electo, Monse\u00f1or Ernesto Giobando, actual administrador apost\u00f3lico de la Di\u00f3cesis de Mar del Plata, se realiz\u00f3 la tradicional procesi\u00f3n n\u00e1utica junto a la imagen de San Salvador, patrono de la colonia pesquera.<\/p>\n\n\n\n<p>Este domingo se llev\u00f3 a cabo el cierre de la edici\u00f3n n\u00famero 97 de los Festejos a San Salvador, santo patrono de los pescadores, organizada por la Sociedad de Patrones Pescadores, la Comisi\u00f3n de Festejos de San Salvador y la Parroquia Sagrada Familia y San Luis Orione, en el marco de la cuadrag\u00e9sima tercera Fiesta Nacional de los Pescadores.<\/p>\n\n\n\n<p>La procesi\u00f3n fue presidida por Monse\u00f1or Ernesto Giobando, actual administrador apost\u00f3lico de la Di\u00f3cesis de Mar del Plata y estuvo acompa\u00f1ado por el p\u00e1rroco de la Sagrada Familia, Miguel Cacciutto y el presidente de la Sociedad de Patrones Pescadores, Vicente Galeano.<\/p>\n\n\n\n<p>Amenizaron los festejos la Banda de M\u00fasica del \u00c1rea Naval Atl\u00e1ntica de la Armada Argentina.<\/p>\n\n\n\n<p>En esta edici\u00f3n, la imagen del santo fue acompa\u00f1ada por cientos de fieles que recorrieron a pie la calle Magallanes e hicieron una parada en la Prefectura Naval Argentina. All\u00ed Monse\u00f1or Giobando bendijo a la instituci\u00f3n y or\u00f3 por el personal que custodia nuestro mar y cuida a nuestros pescadores.<\/p>\n\n\n\n<p>En el Monumento al Pescador, se deposit\u00f3 una ofrenda floral para recordar a todos los fallecidos durante su labor en el mar.<\/p>\n\n\n\n<p>Luego la procesi\u00f3n ingres\u00f3 a la Banquina para embarcar en las lanchas y realizar la tradicional procesi\u00f3n n\u00e1utica. A bordo del Buque pesquero Don Jos\u00e9, San Salvador recorri\u00f3 las aguas y all\u00ed se realiz\u00f3 un homenaje a los fallecidos en el mar. Posteriormente, se ingres\u00f3 a la Base Naval, sede del Comando del \u00c1rea Naval Atl\u00e1ntica de la Armada Argentina.Con la recepci\u00f3n del personal de la Fuerza de Submarinos, mientras el Trompa ejecuta el toque de silencio, se arroj\u00f3 una corona de laureles en memoria de los 44 tripulantes del submarino Ara San Juan.<\/p>\n\n\n\n<p>Ya en tierra, el administrador apost\u00f3lico bendijo los frutos y artes de pesca.<\/p>\n\n\n\n<p>Para cerrar los festejos, Monse\u00f1or Ernesto Giobando dio un mensaje a la comunidad pesquera: \u201cDamos gracias por esta fiesta que remueve los sentimientos m\u00e1s hondos de nuestra fe cristiana y de esta comunidad portuaria. Desde 97 a\u00f1os que nuestros padres y abuelos se animaron a trabajar en este Puerto y desde ese primer momento pusieron sus sue\u00f1os y sus anhelos en la Sagrada Familia que trajo San Luis Orione. Familias enteras han vivido y viven de los frutos del mar, pescadores artesanales que buscan el pan de sus mesas con el sudor de sus frentes, no hay otro camino para la dignidad humana que el trabajo y las condiciones indispensables para que ese trabajo traiga crecimiento y paz social\u201d.<\/p>\n\n\n\n<p>Adem\u00e1s, agreg\u00f3: \u201cDamos gracias tambi\u00e9n porque se ha resuelto el conflicto que privaba la salida a pescar y eso trae esperanza, mientras no se haga una pesca que deprede nuestra riqueza ict\u00edcola, tan abundante pero no ilimitada. Cuidemos la creaci\u00f3n no como due\u00f1os sino como administradores\u201d.<\/p>\n\n\n\n<p>\u201cRogamos en esta banquina que sean preservadas las fuentes de trabajo, rogamos a San Salvador que nos siga acompa\u00f1ando y que no dejemos robar nuestra esperanza. En este a\u00f1o jubilar, a\u00f1o santo de la Esperanza, el Papa nos invita a seguir siendo Peregrinos de la Esperanza, que como ancla del alma nos gu\u00eda en el camino hasta el Cielo, en ese Cielo donde ya est\u00e1n nuestros seres queridos y especialmente los que han quedado en alta mar\u2026rogamos por ellos.\u201d, manifest\u00f3 Monse\u00f1or Ernesto Giobando.<\/p>\n\n\n\n<p>Por \u00faltimo, se dirigi\u00f3 a los pescadores: \u201cQueridos trabajadores del Puerto de Mar del Plata no se cansen de echar las redes y traigan a nuestras mesas y hogares el fruto de sus esfuerzos. Muchas gracias\u201d.<\/p>\n\n\n\n<p>De esta forma culmin\u00f3 una edici\u00f3n m\u00e1s de la Fiesta Nacional de los Pescadores que en esta oportunidad no cont\u00f3 con su tradicional cantina t\u00edpica. La actual Reina Nacional de los Pescadores, Julieta Romero y su corte de Princesas, Dahiana Hansen y Camila M\u00fastico continuar\u00e1n su mandato y sus actividades hasta el 2026.<\/p>\n\n\n\n<p>Estuvieron presentes, en representaci\u00f3n del Intendente, el delegado municipal del Puerto Patricio Ciminelli; el presidente del Consorcio Portuario Regional de Mar del Plata, Marcos Guti\u00e9rrez; el jefe de Prefectura Naval Mar del Plata, Prefecto Mayor Jos\u00e9 Cristian Abel Vigan\u00f3, Comandante del Submarino Ara Salta, Capit\u00e1n de Fragata, Dn. Pablo David Isla, en representaci\u00f3n del Comandante del \u00c1rea Naval Atl\u00e1ntica y Jefe de la Base Naval Mar del Plata; Vicecomodoro David L\u00f3pez, en representaci\u00f3n del Jefe de la Base A\u00e9rea Militar.<\/p>\n\n\n\n<p>LA REINA DE LOS PESCADORES PARTICIP\u00d3 DE LA MISA DONDE SE DISTINGUI\u00d3 A H\u00c9CTOR BECERINI<\/p>\n\n\n\n<p>Por la ma\u00f1ana, tuvo lugar la Solemne Misa Cantada en la Parroquia La Sagrada Familia y San Luis Orione que cont\u00f3 con la participaci\u00f3n de la Schola Cantorum a cargo de la profesora Ana Mar\u00eda Carbone.<\/p>\n\n\n\n<p>La Reina, Julieta Romero y su Princesa Camila Mustico asistieron a la celebraci\u00f3n y compartieron la misa junto a autoridades municipales, legisladores, miembros de las fuerzas vivas y federales, representantes de entidades y asociaciones de la ciudad, pescadores y feligres\u00eda.<\/p>\n\n\n\n<p>Un momento especial se vivi\u00f3 con la entrega de una distinci\u00f3n a H\u00e9ctor Becerini por su invaluable labor al frente del Museo del Hombre del Puerto Cleto Ciocchini, su aporte a la cultura e historia portuaria y por su incondicional apoyo a la Fiesta Nacional de los Pescadores.<\/p>\n\n\n\n<p>desarrollo<\/p>\n\n\n\n<figure class=\"wp-block-image size-large\"><img loading=\"lazy\" width=\"1024\" height=\"768\" src=\"https:\/\/www.obispado-mdp.org.ar\/a\/wp-content\/uploads\/2025\/01\/WhatsApp-Image-2025-01-26-at-5.44.09-PM-1024x768.jpeg\" alt=\"\" class=\"wp-image-45431\"\/><\/figure>\n\n\n\n<figure class=\"wp-block-image size-large\"><img loading=\"lazy\" width=\"1024\" height=\"768\" src=\"https:\/\/www.obispado-mdp.org.ar\/a\/wp-content\/uploads\/2025\/01\/WhatsApp-Image-2025-01-26-at-5.45.40-PM-1024x768.jpeg\" alt=\"\" class=\"wp-image-45428\"\/><\/figure>\n\n\n\n<figure class=\"wp-block-image size-large\"><img loading=\"lazy\" width=\"1024\" height=\"768\" src=\"https:\/\/www.obispado-mdp.org.ar\/a\/wp-content\/uploads\/2025\/01\/WhatsApp-Image-2025-01-26-at-5.46.33-PM-1024x768.jpeg\" alt=\"\" class=\"wp-image-45430\"\/><\/figure>\n\n\n\n<figure class=\"wp-block-image size-large\"><img loading=\"lazy\" width=\"1024\" height=\"768\" src=\"https:\/\/www.obispado-mdp.org.ar\/a\/wp-content\/uploads\/2025\/01\/WhatsApp-Image-2025-01-26-at-5.44.58-PM-1024x768.jpeg\" alt=\"\" class=\"wp-image-45429\"\/><\/figure>\n\n\n\n<figure class=\"wp-block-image size-large\"><img loading=\"lazy\" width=\"1024\" height=\"768\" src=\"https:\/\/www.obispado-mdp.org.ar\/a\/wp-content\/uploads\/2025\/01\/WhatsApp-Image-2025-01-26-at-5.45.13-PM-1024x768.jpeg\" alt=\"\" class=\"wp-image-45432\"\/><\/figure>\n\n\n\n<figure class=\"wp-block-image\"><img alt=\"\"\/><\/figure>\n","protected":false},"excerpt":{"rendered":"<p>Presidida por el Obispo electo, Monse\u00f1or Ernesto Giobando, actual administrador apost\u00f3lico de la Di\u00f3cesis de Mar del Plata, se realiz\u00f3 la tradicional procesi\u00f3n n\u00e1utica junto a la imagen de San Salvador, patrono de la colonia pesquera. Este domingo se llev\u00f3 a cabo el cierre de la edici\u00f3n n\u00famero 97 de los Festejos a San Salvador, [&hellip;]<\/p>\n","protected":false},"author":4,"featured_media":0,"comment_status":"open","ping_status":"open","sticky":false,"template":"","format":"standard","meta":{"_et_pb_use_builder":"","_et_pb_old_content":"","_et_gb_content_width":""},"categories":[4],"tags":[],"aioseo_notices":[],"_links":{"self":[{"href":"https:\/\/www.obispado-mdp.org.ar\/a\/wp-json\/wp\/v2\/posts\/45427"}],"collection":[{"href":"https:\/\/www.obispado-mdp.org.ar\/a\/wp-json\/wp\/v2\/posts"}],"about":[{"href":"https:\/\/www.obispado-mdp.org.ar\/a\/wp-json\/wp\/v2\/types\/post"}],"author":[{"embeddable":true,"href":"https:\/\/www.obispado-mdp.org.ar\/a\/wp-json\/wp\/v2\/users\/4"}],"replies":[{"embeddable":true,"href":"https:\/\/www.obispado-mdp.org.ar\/a\/wp-json\/wp\/v2\/comments?post=45427"}],"version-history":[{"count":1,"href":"https:\/\/www.obispado-mdp.org.ar\/a\/wp-json\/wp\/v2\/posts\/45427\/revisions"}],"predecessor-version":[{"id":45433,"href":"https:\/\/www.obispado-mdp.org.ar\/a\/wp-json\/wp\/v2\/posts\/45427\/revisions\/45433"}],"wp:attachment":[{"href":"https:\/\/www.obispado-mdp.org.ar\/a\/wp-json\/wp\/v2\/media?parent=45427"}],"wp:term":[{"taxonomy":"category","embeddable":true,"href":"https:\/\/www.obispado-mdp.org.ar\/a\/wp-json\/wp\/v2\/categories?post=45427"},{"taxonomy":"post_tag","embeddable":true,"href":"https:\/\/www.obispado-mdp.org.ar\/a\/wp-json\/wp\/v2\/tags?post=45427"}],"curies":[{"name":"wp","href":"https:\/\/api.w.org\/{rel}","templated":true}]}}