{"id":45435,"date":"2025-01-30T11:51:43","date_gmt":"2025-01-30T14:51:43","guid":{"rendered":"https:\/\/www.obispado-mdp.org.ar\/a\/?p=45435"},"modified":"2025-01-30T12:00:49","modified_gmt":"2025-01-30T15:00:49","slug":"tres-sacerdotes-se-reincorporan-al-ejercicio-del-ministerio-en-nuestra-diocesis","status":"publish","type":"post","link":"https:\/\/www.obispado-mdp.org.ar\/a\/tres-sacerdotes-se-reincorporan-al-ejercicio-del-ministerio-en-nuestra-diocesis\/","title":{"rendered":"Tres sacerdotes se reincorporan al ejercicio del ministerio en nuestra di\u00f3cesis"},"content":{"rendered":"\n<p>Por la presente damos a conocer a la comunidad diocesana que los presb\u00edteros Luis Alb\u00f3niga, Mario Fern\u00e1ndez y Nicol\u00e1s Marinelli se reincorporan al ejercicio del ministerio sacerdotal en la di\u00f3cesis de Mar del Plata.<\/p>\n\n\n\n<p>El padre Luis, reasume como rector en la Escuela Universitaria de Teolog\u00eda y ayudar\u00e1 en tareas pastorales hasta recibir un nuevo destino. Damos gracias al Prof. Rub\u00e9n Primo Fern\u00e1ndez por su servicio como vicerector a cargo del rectorado en dicha instituci\u00f3n, volviendo a su tarea anterior como vicerector.<\/p>\n\n\n\n<p>El padre Mario ha sido destinado a la Parroquia \u201cNuestra Se\u00f1ora del Huerto\u201d de Mar del Plata como capell\u00e1n interno.<\/p>\n\n\n\n<p>El padre Nicol\u00e1s, que estuvo estos \u00faltimos dos a\u00f1os prestando servicios pastorales en la Prelatura de Cafayate, regresar\u00e1 a mediados de febrero, y tendr\u00e1 un destino pastoral en nuestra di\u00f3cesis.<\/p>\n\n\n\n<p>Agradecemos al Se\u00f1or, nuestro Buen Pastor Resucitado, que nos sigue invitando como obreros a trabajar en la mies.<\/p>\n\n\n\n<p>Mons. Ernesto Giobando s.j.<br>Administrador Apost\u00f3lico<\/p>\n\n\n\n<figure class=\"wp-block-image size-full\"><img loading=\"lazy\" width=\"940\" height=\"788\" src=\"https:\/\/www.obispado-mdp.org.ar\/a\/wp-content\/uploads\/2025\/01\/Diseno-sin-titulo-16.png\" alt=\"\" class=\"wp-image-45447\"\/><\/figure>\n","protected":false},"excerpt":{"rendered":"<p>Por la presente damos a conocer a la comunidad diocesana que los presb\u00edteros Luis Alb\u00f3niga, Mario Fern\u00e1ndez y Nicol\u00e1s Marinelli se reincorporan al ejercicio del ministerio sacerdotal en la di\u00f3cesis de Mar del Plata. El padre Luis, reasume como rector en la Escuela Universitaria de Teolog\u00eda y ayudar\u00e1 en tareas pastorales hasta recibir un nuevo [&hellip;]<\/p>\n","protected":false},"author":4,"featured_media":0,"comment_status":"open","ping_status":"open","sticky":false,"template":"","format":"standard","meta":{"_et_pb_use_builder":"","_et_pb_old_content":"","_et_gb_content_width":""},"categories":[4],"tags":[],"aioseo_notices":[],"_links":{"self":[{"href":"https:\/\/www.obispado-mdp.org.ar\/a\/wp-json\/wp\/v2\/posts\/45435"}],"collection":[{"href":"https:\/\/www.obispado-mdp.org.ar\/a\/wp-json\/wp\/v2\/posts"}],"about":[{"href":"https:\/\/www.obispado-mdp.org.ar\/a\/wp-json\/wp\/v2\/types\/post"}],"author":[{"embeddable":true,"href":"https:\/\/www.obispado-mdp.org.ar\/a\/wp-json\/wp\/v2\/users\/4"}],"replies":[{"embeddable":true,"href":"https:\/\/www.obispado-mdp.org.ar\/a\/wp-json\/wp\/v2\/comments?post=45435"}],"version-history":[{"count":4,"href":"https:\/\/www.obispado-mdp.org.ar\/a\/wp-json\/wp\/v2\/posts\/45435\/revisions"}],"predecessor-version":[{"id":45448,"href":"https:\/\/www.obispado-mdp.org.ar\/a\/wp-json\/wp\/v2\/posts\/45435\/revisions\/45448"}],"wp:attachment":[{"href":"https:\/\/www.obispado-mdp.org.ar\/a\/wp-json\/wp\/v2\/media?parent=45435"}],"wp:term":[{"taxonomy":"category","embeddable":true,"href":"https:\/\/www.obispado-mdp.org.ar\/a\/wp-json\/wp\/v2\/categories?post=45435"},{"taxonomy":"post_tag","embeddable":true,"href":"https:\/\/www.obispado-mdp.org.ar\/a\/wp-json\/wp\/v2\/tags?post=45435"}],"curies":[{"name":"wp","href":"https:\/\/api.w.org\/{rel}","templated":true}]}}