{"id":45438,"date":"2025-01-30T13:45:00","date_gmt":"2025-01-30T16:45:00","guid":{"rendered":"https:\/\/www.obispado-mdp.org.ar\/a\/?p=45438"},"modified":"2025-01-30T11:56:55","modified_gmt":"2025-01-30T14:56:55","slug":"seminaristas-diocesanos-tuvieron-en-la-eufemia-su-convivencia-de-verano","status":"publish","type":"post","link":"https:\/\/www.obispado-mdp.org.ar\/a\/seminaristas-diocesanos-tuvieron-en-la-eufemia-su-convivencia-de-verano\/","title":{"rendered":"Seminaristas diocesanos tuvieron en \u201cLa Eufemia\u201d su convivencia de verano\u00a0"},"content":{"rendered":"\n<p>Los seis j\u00f3venes seminaristas de nuestra di\u00f3cesis de Mar del Plata participaron junto al administrador apost\u00f3lico y obispo electo de nuestra di\u00f3cesis, monse\u00f1or Ernesto Giobando sj de la tradicional convivencia de verano. La misma se desarroll\u00f3 entre el 20 y el 24 de enero en la Estancia La Eufemia, ubicada en cercan\u00edas de la localidad de Mar del Sur.<\/p>\n\n\n\n<p>Durante el encuentro, adem\u00e1s de compartir momentos de oraci\u00f3n y de compartir fraterno, tambi\u00e9n hubo momentos de formaci\u00f3n, destac\u00e1ndose la visita de miembros de la Pastoral Carcelaria, quienes expusieron su testimonio de acci\u00f3n pastoral entre las personas privadas de su libertad y mantuvieron un fecundo intercambio con los seminaristas.<\/p>\n\n\n\n<p>El \u00faltimo d\u00eda del encuentro, se celebr\u00f3 la Santa Misa con la participaci\u00f3n de varios sacerdotes y tambi\u00e9n de miembros de la fundaci\u00f3n que lleva adelante la obra iniciada en ese lugar por la Madre Eufemia Otamendi.<\/p>\n\n\n\n<p>\u201cEl Se\u00f1or pasa por su coraz\u00f3n el nombre de los ap\u00f3stoles y tambi\u00e9n el de cada uno de nosotros, llamados a ser disc\u00edpulos suyos. \u00c9l \u2018llam\u00f3 a los que quiso\u2019 para que estuvieran con \u00c9l y para enviarlos. Si no estamos con \u00e9l perdemos el centro\u201d, destac\u00f3 el Obispo, y agreg\u00f3 \u201ceste lugar es un \u00e1mbito privilegiado para profundizar en ese llamado y para estar con el Se\u00f1or.\u201d<\/p>\n\n\n\n<p>Refiri\u00e9ndose a la memoria de San Francisco de Sales que se celebraba ese d\u00eda, monse\u00f1or Giobando comparti\u00f3 una semblanza del santo y finalmente hizo alusi\u00f3n a la festividad de Nuestra Se\u00f1ora de la Paz, pidiendo \u201ca la Virgen, que supo llevar paz, que nos ayude a caminar juntos y que podamos ser signo de paz y de comuni\u00f3n.\u201d<\/p>\n\n\n\n<p>desarrollo<\/p>\n\n\n\n<figure class=\"wp-block-image size-large\"><img loading=\"lazy\" width=\"768\" height=\"1024\" src=\"https:\/\/www.obispado-mdp.org.ar\/a\/wp-content\/uploads\/2025\/01\/WhatsApp-Image-2025-01-30-at-11.10.52-AM-768x1024.jpeg\" alt=\"\" class=\"wp-image-45439\"\/><\/figure>\n\n\n\n<figure class=\"wp-block-image size-large is-resized\"><img loading=\"lazy\" src=\"https:\/\/www.obispado-mdp.org.ar\/a\/wp-content\/uploads\/2025\/01\/WhatsApp-Image-2025-01-30-at-11.10.51-AM-1-1024x602.jpeg\" alt=\"\" class=\"wp-image-45440\" width=\"765\" height=\"449\"\/><\/figure>\n\n\n\n<figure class=\"wp-block-image size-large is-resized\"><img loading=\"lazy\" src=\"https:\/\/www.obispado-mdp.org.ar\/a\/wp-content\/uploads\/2025\/01\/WhatsApp-Image-2025-01-30-at-11.10.51-AM-1024x602.jpeg\" alt=\"\" class=\"wp-image-45441\" width=\"762\" height=\"447\"\/><\/figure>\n","protected":false},"excerpt":{"rendered":"<p>Los seis j\u00f3venes seminaristas de nuestra di\u00f3cesis de Mar del Plata participaron junto al administrador apost\u00f3lico y obispo electo de nuestra di\u00f3cesis, monse\u00f1or Ernesto Giobando sj de la tradicional convivencia de verano. La misma se desarroll\u00f3 entre el 20 y el 24 de enero en la Estancia La Eufemia, ubicada en cercan\u00edas de la localidad [&hellip;]<\/p>\n","protected":false},"author":4,"featured_media":0,"comment_status":"open","ping_status":"open","sticky":false,"template":"","format":"standard","meta":{"_et_pb_use_builder":"","_et_pb_old_content":"","_et_gb_content_width":""},"categories":[4],"tags":[],"aioseo_notices":[],"_links":{"self":[{"href":"https:\/\/www.obispado-mdp.org.ar\/a\/wp-json\/wp\/v2\/posts\/45438"}],"collection":[{"href":"https:\/\/www.obispado-mdp.org.ar\/a\/wp-json\/wp\/v2\/posts"}],"about":[{"href":"https:\/\/www.obispado-mdp.org.ar\/a\/wp-json\/wp\/v2\/types\/post"}],"author":[{"embeddable":true,"href":"https:\/\/www.obispado-mdp.org.ar\/a\/wp-json\/wp\/v2\/users\/4"}],"replies":[{"embeddable":true,"href":"https:\/\/www.obispado-mdp.org.ar\/a\/wp-json\/wp\/v2\/comments?post=45438"}],"version-history":[{"count":2,"href":"https:\/\/www.obispado-mdp.org.ar\/a\/wp-json\/wp\/v2\/posts\/45438\/revisions"}],"predecessor-version":[{"id":45446,"href":"https:\/\/www.obispado-mdp.org.ar\/a\/wp-json\/wp\/v2\/posts\/45438\/revisions\/45446"}],"wp:attachment":[{"href":"https:\/\/www.obispado-mdp.org.ar\/a\/wp-json\/wp\/v2\/media?parent=45438"}],"wp:term":[{"taxonomy":"category","embeddable":true,"href":"https:\/\/www.obispado-mdp.org.ar\/a\/wp-json\/wp\/v2\/categories?post=45438"},{"taxonomy":"post_tag","embeddable":true,"href":"https:\/\/www.obispado-mdp.org.ar\/a\/wp-json\/wp\/v2\/tags?post=45438"}],"curies":[{"name":"wp","href":"https:\/\/api.w.org\/{rel}","templated":true}]}}