{"id":45527,"date":"2025-02-03T14:55:13","date_gmt":"2025-02-03T17:55:13","guid":{"rendered":"https:\/\/www.obispado-mdp.org.ar\/a\/?p=45527"},"modified":"2025-02-03T14:55:15","modified_gmt":"2025-02-03T17:55:15","slug":"semana-vocacional-diocesana","status":"publish","type":"post","link":"https:\/\/www.obispado-mdp.org.ar\/a\/semana-vocacional-diocesana\/","title":{"rendered":"Semana vocacional diocesana"},"content":{"rendered":"\n<p>\u00bfQu\u00e9 es?<\/p>\n\n\n\n<p>Es un tiempo en que como di\u00f3cesis rezamos especialmente por las vocaciones. Rezar pidiendo por el aumento y perseverancia de las vocaciones al sacerdocio, a la vida consagrada y a la vida matrimonial.<\/p>\n\n\n\n<p>Es una semana donde todos somos invitamos a reflexionar sobre la propia vocaci\u00f3n, preguntarnos c\u00f3mo la estamos viviendo, qu\u00e9 nos pide el Se\u00f1or para ser fieles a su llamado.<\/p>\n\n\n\n<p>Principalmente pedimos que Dios siga llamando a los j\u00f3venes y que \u00e9stos, escuchando su voz respondan con alegr\u00eda y generosidad.<\/p>\n\n\n\n<p>Cada a\u00f1o, el obispo dirige un mensaje a toda la comunidad diocesana y es animada por un lema. Para este 2025 el lema es: \u201cLa esperanza no defrauda\u201d. Llamados a ser peregrinos de esperanza.<\/p>\n\n\n\n<p>En esta semana se realiza adem\u00e1s, la colecta para el sostenimiento de los seminaristas.<\/p>\n\n\n\n<p>\u00bfCu\u00e1ndo es?<\/p>\n\n\n\n<p>Desde hace muchos a\u00f1os, se realiza durante la primera semana de febrero. Este a\u00f1o comienza el 2 y culmina el 9 de febrero.<\/p>\n\n\n\n<p>\u00bfC\u00f3mo participar?<\/p>\n\n\n\n<p>Principalmente con la oraci\u00f3n, pero tambi\u00e9n promoviendo en tu comunidad, en tu parroquia algunas acciones que ayuden a reflexionar y profundizar sobre la vocaci\u00f3n:<\/p>\n\n\n\n<p>Rezar por tu p\u00e1rroco, por el seminarista de tu comunidad. Por los novios y los matrimonios, por las familias. Rezar por los j\u00f3venes.<\/p>\n\n\n\n<p>Otras ideas\u2026<\/p>\n\n\n\n<p>\u2714 Leer y repartir el mensaje vocacional del Obispo.<\/p>\n\n\n\n<p>\u2714 Preparar la cartelera de la parroquia y difund\u00ed esta informaci\u00f3n. Pod\u00e9s poner la<\/p>\n\n\n\n<p>oraci\u00f3n por las vocaciones, el mensaje vocacional. Compartirlo en redes sociales.<\/p>\n\n\n\n<p>\u2714 Repartir la oraci\u00f3n por las vocaciones, y rezarla al final de la misa.<\/p>\n\n\n\n<p>\u2714 Hacer una mateada y compartir el testimonio de la vocaci\u00f3n de alguien de la<\/p>\n\n\n\n<p>comunidad: del sacerdote, de alg\u00fan consagrado, misionero o de un matrimonio.<\/p>\n\n\n\n<p>\u2714 Preparar un rato de oraci\u00f3n en comunidad.<\/p>\n\n\n\n<p>\u2714 Unirse para adorar a Jes\u00fas Eucarist\u00eda (se env\u00eda adjunto un gui\u00f3n)<\/p>\n\n\n\n<p>\u2714 Incentivar y fortalecer la oraci\u00f3n y adoraci\u00f3n por las vocaciones de los primeros<\/p>\n\n\n\n<p>jueves\/viernes de mes.<\/p>\n\n\n\n<p>\u2714 Incorporar una intenci\u00f3n en la oraci\u00f3n de los fieles.<\/p>\n\n\n\n<p>\u2714 Utilizar cantos vocacionales en la misa.<\/p>\n\n\n\n<p>Dios tiene un sue\u00f1o de amor y felicidad para todas las personas\u2026nos llama, nos busca y nos plenifica cuando respondemos a ese llamado. Contaselo a todos en tu comunidad, a los j\u00f3venes especialmente.<\/p>\n\n\n\n<p>Quien ha sido llamado por Dios, llama a su vez a otros: es buena noticia que cambia la vida llen\u00e1ndola de una inmensa alegr\u00eda. Compartir el don recibido es parte del dinamismo de la llamada de Dios. Por esto, es misi\u00f3n de todos anunciar a otros la alegr\u00eda de la vocaci\u00f3n.<\/p>\n\n\n\n<p>\u00a1Atenci\u00f3n J\u00f3venes!<\/p>\n\n\n\n<p>El equipo de pastoral vocacional difunde propuestas durante esta semana para dar a conocer de qu\u00e9 se trata \u201ctodo esto de la vocaci\u00f3n\u201d. Lo hace a trav\u00e9s de sus redes sociales y tambi\u00e9n de algunas actividades concretas. Para quienes viven en Mar del Plata, se convoca a un encuentro y adoraci\u00f3n juvenil el d\u00eda jueves 6 de febrero en la iglesia Catedral. Se invita a las dem\u00e1s ciudades de la Di\u00f3cesis a replicar la adoraci\u00f3n durante la Semana Vocacional.<\/p>\n\n\n\n<p>Equipo Diocesano de Pastoral Vocacional<\/p>\n\n\n\n<p><strong>Descarg\u00e1 el mensaje vocacional ac\u00e1:<\/strong> <a href=\"https:\/\/drive.google.com\/file\/d\/1V7jLC6ms_FwveLRWdwRbJLPRFMBubS-A\/view?usp=sharing\">https:\/\/drive.google.com\/file\/d\/1V7jLC6ms_FwveLRWdwRbJLPRFMBubS-A\/view?usp=sharing<\/a><\/p>\n\n\n\n<figure class=\"wp-block-image size-full is-resized\"><img loading=\"lazy\" src=\"https:\/\/www.obispado-mdp.org.ar\/a\/wp-content\/uploads\/2025\/02\/Diseno-sin-titulo-17.png\" alt=\"\" class=\"wp-image-45528\" width=\"610\" height=\"511\"\/><\/figure>\n","protected":false},"excerpt":{"rendered":"<p>\u00bfQu\u00e9 es? Es un tiempo en que como di\u00f3cesis rezamos especialmente por las vocaciones. Rezar pidiendo por el aumento y perseverancia de las vocaciones al sacerdocio, a la vida consagrada y a la vida matrimonial. Es una semana donde todos somos invitamos a reflexionar sobre la propia vocaci\u00f3n, preguntarnos c\u00f3mo la estamos viviendo, qu\u00e9 nos [&hellip;]<\/p>\n","protected":false},"author":4,"featured_media":0,"comment_status":"open","ping_status":"open","sticky":false,"template":"","format":"standard","meta":{"_et_pb_use_builder":"","_et_pb_old_content":"","_et_gb_content_width":""},"categories":[4],"tags":[],"aioseo_notices":[],"_links":{"self":[{"href":"https:\/\/www.obispado-mdp.org.ar\/a\/wp-json\/wp\/v2\/posts\/45527"}],"collection":[{"href":"https:\/\/www.obispado-mdp.org.ar\/a\/wp-json\/wp\/v2\/posts"}],"about":[{"href":"https:\/\/www.obispado-mdp.org.ar\/a\/wp-json\/wp\/v2\/types\/post"}],"author":[{"embeddable":true,"href":"https:\/\/www.obispado-mdp.org.ar\/a\/wp-json\/wp\/v2\/users\/4"}],"replies":[{"embeddable":true,"href":"https:\/\/www.obispado-mdp.org.ar\/a\/wp-json\/wp\/v2\/comments?post=45527"}],"version-history":[{"count":3,"href":"https:\/\/www.obispado-mdp.org.ar\/a\/wp-json\/wp\/v2\/posts\/45527\/revisions"}],"predecessor-version":[{"id":45532,"href":"https:\/\/www.obispado-mdp.org.ar\/a\/wp-json\/wp\/v2\/posts\/45527\/revisions\/45532"}],"wp:attachment":[{"href":"https:\/\/www.obispado-mdp.org.ar\/a\/wp-json\/wp\/v2\/media?parent=45527"}],"wp:term":[{"taxonomy":"category","embeddable":true,"href":"https:\/\/www.obispado-mdp.org.ar\/a\/wp-json\/wp\/v2\/categories?post=45527"},{"taxonomy":"post_tag","embeddable":true,"href":"https:\/\/www.obispado-mdp.org.ar\/a\/wp-json\/wp\/v2\/tags?post=45527"}],"curies":[{"name":"wp","href":"https:\/\/api.w.org\/{rel}","templated":true}]}}