{"id":45550,"date":"2025-02-05T18:00:00","date_gmt":"2025-02-05T21:00:00","guid":{"rendered":"https:\/\/www.obispado-mdp.org.ar\/a\/?p=45550"},"modified":"2025-02-05T15:05:55","modified_gmt":"2025-02-05T18:05:55","slug":"admision-y-lectorado-a-seminaristas-diocesanos","status":"publish","type":"post","link":"https:\/\/www.obispado-mdp.org.ar\/a\/admision-y-lectorado-a-seminaristas-diocesanos\/","title":{"rendered":"Admisi\u00f3n y lectorado a seminaristas diocesanos"},"content":{"rendered":"\n<p>En el marco de la Semana Vocacional, seminaristas de nuestra di\u00f3cesis recibieron la admisi\u00f3n a las Sagradas \u00d3rdenes y el ministerio del Lectorado. Fue este martes 4 de febrero, coincidentemente con la memoria del Beato Eduardo Francisco Pironio, segundo obispo de Mar del Plata, en la Misa que presidi\u00f3 el administrador apost\u00f3lico y obispo electo, monse\u00f1or Ernesto Giobando sj. en la Iglesia Catedral.&nbsp;<\/p>\n\n\n\n<p>Los seminaristas que fueron admitidos a las Sagradas \u00d3rdenes fueron Tom\u00e1s Isla y Joaqu\u00edn Garc\u00eda Pedrosa, quienes completaron ya los cuatro a\u00f1os de Filosof\u00eda en el Seminario Mayor San Jos\u00e9, de La Plata, y est\u00e1n pr\u00f3ximos a comenzar la Teolog\u00eda. Por su parte, los nuevos lectores son Stefano Sogol\u00f3 y Mariano D\u00edaz, quienes comienzan este a\u00f1o el segundo a\u00f1o de Teolog\u00eda.&nbsp;<\/p>\n\n\n\n<p>El Obispo pidi\u00f3 a los fieles rezar por las vocaciones, y dirigi\u00f3 tambi\u00e9n un mensaje por la Semana Vocacional en el contexto del A\u00f1o Jubilar en el que expresa: \u201cla esperanza tiene que ver con el peregrinar, que no es dar una vuelta o salir a ver vidrieras. Es encontrar el sentido a nuestras vidas y m\u00e1s a\u00fan: es descubrir la felicidad \u00faltima que se transforma en el motor primero que nos impulsa a ponernos en camino. Esa esperanza no es otra cosa que encontrarnos con Jes\u00fas, mejor dicho: que \u00c9l nos encuentre y nos llame y nos invite a seguirlo.\u201d<\/p>\n\n\n\n<figure class=\"wp-block-image size-large\"><img loading=\"lazy\" width=\"1024\" height=\"682\" src=\"https:\/\/www.obispado-mdp.org.ar\/a\/wp-content\/uploads\/2025\/02\/WhatsApp-Image-2025-02-05-at-9.35.52-AM-2-1024x682.jpeg\" alt=\"\" class=\"wp-image-45551\"\/><\/figure>\n\n\n\n<figure class=\"wp-block-image size-large is-resized\"><img loading=\"lazy\" src=\"https:\/\/www.obispado-mdp.org.ar\/a\/wp-content\/uploads\/2025\/02\/WhatsApp-Image-2025-02-05-at-9.36.49-AM-682x1024.jpeg\" alt=\"\" class=\"wp-image-45556\" width=\"821\" height=\"1233\"\/><\/figure>\n\n\n\n<figure class=\"wp-block-image size-large\"><img loading=\"lazy\" width=\"1024\" height=\"682\" src=\"https:\/\/www.obispado-mdp.org.ar\/a\/wp-content\/uploads\/2025\/02\/WhatsApp-Image-2025-02-05-at-9.36.45-AM-1024x682.jpeg\" alt=\"\" class=\"wp-image-45552\"\/><\/figure>\n\n\n\n<figure class=\"wp-block-image size-large\"><img loading=\"lazy\" width=\"1024\" height=\"682\" src=\"https:\/\/www.obispado-mdp.org.ar\/a\/wp-content\/uploads\/2025\/02\/WhatsApp-Image-2025-02-05-at-9.36.48-AM-1024x682.jpeg\" alt=\"\" class=\"wp-image-45553\"\/><\/figure>\n\n\n\n<figure class=\"wp-block-image size-large\"><img loading=\"lazy\" width=\"1024\" height=\"682\" src=\"https:\/\/www.obispado-mdp.org.ar\/a\/wp-content\/uploads\/2025\/02\/WhatsApp-Image-2025-02-05-at-9.36.46-AM-1024x682.jpeg\" alt=\"\" class=\"wp-image-45554\"\/><\/figure>\n\n\n\n<figure class=\"wp-block-image size-large\"><img loading=\"lazy\" width=\"1024\" height=\"682\" src=\"https:\/\/www.obispado-mdp.org.ar\/a\/wp-content\/uploads\/2025\/02\/WhatsApp-Image-2025-02-05-at-9.35.52-AM-1024x682.jpeg\" alt=\"\" class=\"wp-image-45557\"\/><\/figure>\n\n\n\n<figure class=\"wp-block-image size-large is-resized\"><img loading=\"lazy\" src=\"https:\/\/www.obispado-mdp.org.ar\/a\/wp-content\/uploads\/2025\/02\/WhatsApp-Image-2025-02-05-at-9.35.52-AM-1-682x1024.jpeg\" alt=\"\" class=\"wp-image-45558\" width=\"822\" height=\"1234\"\/><\/figure>\n\n\n\n<figure class=\"wp-block-image size-large is-resized\"><img loading=\"lazy\" src=\"https:\/\/www.obispado-mdp.org.ar\/a\/wp-content\/uploads\/2025\/02\/WhatsApp-Image-2025-02-05-at-9.35.53-AM-1-682x1024.jpeg\" alt=\"\" class=\"wp-image-45555\" width=\"819\" height=\"1230\"\/><\/figure>\n","protected":false},"excerpt":{"rendered":"<p>En el marco de la Semana Vocacional, seminaristas de nuestra di\u00f3cesis recibieron la admisi\u00f3n a las Sagradas \u00d3rdenes y el ministerio del Lectorado. Fue este martes 4 de febrero, coincidentemente con la memoria del Beato Eduardo Francisco Pironio, segundo obispo de Mar del Plata, en la Misa que presidi\u00f3 el administrador apost\u00f3lico y obispo electo, [&hellip;]<\/p>\n","protected":false},"author":4,"featured_media":0,"comment_status":"open","ping_status":"open","sticky":false,"template":"","format":"standard","meta":{"_et_pb_use_builder":"","_et_pb_old_content":"","_et_gb_content_width":""},"categories":[4],"tags":[],"aioseo_notices":[],"_links":{"self":[{"href":"https:\/\/www.obispado-mdp.org.ar\/a\/wp-json\/wp\/v2\/posts\/45550"}],"collection":[{"href":"https:\/\/www.obispado-mdp.org.ar\/a\/wp-json\/wp\/v2\/posts"}],"about":[{"href":"https:\/\/www.obispado-mdp.org.ar\/a\/wp-json\/wp\/v2\/types\/post"}],"author":[{"embeddable":true,"href":"https:\/\/www.obispado-mdp.org.ar\/a\/wp-json\/wp\/v2\/users\/4"}],"replies":[{"embeddable":true,"href":"https:\/\/www.obispado-mdp.org.ar\/a\/wp-json\/wp\/v2\/comments?post=45550"}],"version-history":[{"count":1,"href":"https:\/\/www.obispado-mdp.org.ar\/a\/wp-json\/wp\/v2\/posts\/45550\/revisions"}],"predecessor-version":[{"id":45559,"href":"https:\/\/www.obispado-mdp.org.ar\/a\/wp-json\/wp\/v2\/posts\/45550\/revisions\/45559"}],"wp:attachment":[{"href":"https:\/\/www.obispado-mdp.org.ar\/a\/wp-json\/wp\/v2\/media?parent=45550"}],"wp:term":[{"taxonomy":"category","embeddable":true,"href":"https:\/\/www.obispado-mdp.org.ar\/a\/wp-json\/wp\/v2\/categories?post=45550"},{"taxonomy":"post_tag","embeddable":true,"href":"https:\/\/www.obispado-mdp.org.ar\/a\/wp-json\/wp\/v2\/tags?post=45550"}],"curies":[{"name":"wp","href":"https:\/\/api.w.org\/{rel}","templated":true}]}}