{"id":45561,"date":"2025-02-10T09:17:08","date_gmt":"2025-02-10T12:17:08","guid":{"rendered":"https:\/\/www.obispado-mdp.org.ar\/a\/?p=45561"},"modified":"2025-02-10T09:17:10","modified_gmt":"2025-02-10T12:17:10","slug":"presencia-diocesana-en-el-encuentro-nacional-de-directores-diocesanos-de-obras-misionales-pontificias","status":"publish","type":"post","link":"https:\/\/www.obispado-mdp.org.ar\/a\/presencia-diocesana-en-el-encuentro-nacional-de-directores-diocesanos-de-obras-misionales-pontificias\/","title":{"rendered":"<strong>Presencia diocesana en el Encuentro Nacional de Directores Diocesanos de Obras Misionales Pontificias<\/strong>"},"content":{"rendered":"\n<p>Con la presencia de delegados de las diferentes di\u00f3cesis del pa\u00eds, se realiz\u00f3 la Asamblea Nacional de Directores Diocesanos de Obras Misionales Pontificias (OMP). La misma se desarroll\u00f3 entre el 5 y el 7 de febrero en la sede porte\u00f1a del organismo vaticano. <\/p>\n\n\n\n<p>Mariana Maceiro, directora diocesana de las OMP, particip\u00f3 del encuentro y expres\u00f3 que \u201cha sido enriquecedor poder compartir nuestra experiencia de la di\u00f3cesis de Mar del Plata y enriquecernos con el aporte de las otras di\u00f3cesis y de las Obras Misionales Pontificias.\u201d<\/p>\n\n\n\n<p>La Jornada inici\u00f3 con la celebraci\u00f3n Eucar\u00edstica presidida por monse\u00f1or fray Carlos Aspiroz Costa op, presidente de la Comisi\u00f3n Episcopal de Misiones y Arzobispo de Bah\u00eda Blanca, y concelebrada por monse\u00f1or Fernando Croxato y varios sacerdotes.&nbsp;<\/p>\n\n\n\n<p>Durante esos d\u00edas los directores diocesanos realizaron una evaluaci\u00f3n de los Encuentros Regionales, del Octubre Misionero, y el \u201cAQU\u00cd 2024\u201d, y abordaron en la etapa de proyecci\u00f3n del corriente a\u00f1o la Carta Octubre Misionero 2025, lo referido al S\u00ednodo, y compartieron una presentaci\u00f3n del material que se arm\u00f3 para el Jubileo.<\/p>\n\n\n\n<p>Los participantes tambi\u00e9n compartieron una charla de manera virtual obre Iglesia Sinodal Misionera, a cargo del presb\u00edtero Francisco&nbsp; Ben\u00edtez, de la di\u00f3cesis de San Nicol\u00e1s, quien realiz\u00f3 un recorrido b\u00edblico sobre la palabra s\u00ednodo, concluyendo y anim\u00f3 a ser misioneros de la sinodalidad y ser corresponsables para la mision.<\/p>\n\n\n\n<p>Mariana nos comparte que durante esos d\u00edas se vivieron momentos de oraci\u00f3n tales como Adoraci\u00f3n Eucar\u00edstica y Laudes, como as\u00ed tambi\u00e9n el Rosario misionero, y la Santa Misa.&nbsp;<\/p>\n\n\n\n<p>Ya el \u00faltimo d\u00eda del encuentro se retomaron los trabajos por regi\u00f3n y una familia misionera, Lili y Eber, dieron una presentaci\u00f3n sobre Nuevos Areopagos de la misi\u00f3n que, seg\u00fan nos cuenta nuestra directora diocesana fue \u201cmuy interesante ya que nos llev\u00f3 a reflexionar y pensar estrategias sobre los contextos que necesitan ser tenidos en cuenta.\u201d Finalmente por la tarde hubo una charla sobre \u201cComunicaci\u00f3n y misi\u00f3n: evangelizaci\u00f3n digital\u201d, a cargo del presb\u00edtero M\u00e1ximo Jurcinovic, director de la Oficina de Comunicaci\u00f3n de la CEA.<\/p>\n\n\n\n<figure class=\"wp-block-image size-large\"><img loading=\"lazy\" width=\"1024\" height=\"643\" src=\"https:\/\/www.obispado-mdp.org.ar\/a\/wp-content\/uploads\/2025\/02\/WhatsApp-Image-2025-02-09-at-12.48.27-PM-1024x643.jpeg\" alt=\"\" class=\"wp-image-45562\"\/><\/figure>\n\n\n\n<figure class=\"wp-block-image size-large\"><img loading=\"lazy\" width=\"1024\" height=\"587\" src=\"https:\/\/www.obispado-mdp.org.ar\/a\/wp-content\/uploads\/2025\/02\/WhatsApp-Image-2025-02-09-at-12.48.40-PM-1024x587.jpeg\" alt=\"\" class=\"wp-image-45563\"\/><\/figure>\n\n\n\n<figure class=\"wp-block-image size-large\"><img loading=\"lazy\" width=\"1024\" height=\"766\" src=\"https:\/\/www.obispado-mdp.org.ar\/a\/wp-content\/uploads\/2025\/02\/WhatsApp-Image-2025-02-09-at-12.48.40-PM-1-1024x766.jpeg\" alt=\"\" class=\"wp-image-45564\"\/><\/figure>\n\n\n\n<figure class=\"wp-block-image size-large is-resized\"><img loading=\"lazy\" src=\"https:\/\/www.obispado-mdp.org.ar\/a\/wp-content\/uploads\/2025\/02\/WhatsApp-Image-2025-02-09-at-12.48.39-PM-576x1024.jpeg\" alt=\"\" class=\"wp-image-45565\" width=\"818\" height=\"1454\"\/><\/figure>\n","protected":false},"excerpt":{"rendered":"<p>Con la presencia de delegados de las diferentes di\u00f3cesis del pa\u00eds, se realiz\u00f3 la Asamblea Nacional de Directores Diocesanos de Obras Misionales Pontificias (OMP). La misma se desarroll\u00f3 entre el 5 y el 7 de febrero en la sede porte\u00f1a del organismo vaticano. Mariana Maceiro, directora diocesana de las OMP, particip\u00f3 del encuentro y expres\u00f3 [&hellip;]<\/p>\n","protected":false},"author":4,"featured_media":0,"comment_status":"open","ping_status":"open","sticky":false,"template":"","format":"standard","meta":{"_et_pb_use_builder":"","_et_pb_old_content":"","_et_gb_content_width":""},"categories":[4],"tags":[],"aioseo_notices":[],"_links":{"self":[{"href":"https:\/\/www.obispado-mdp.org.ar\/a\/wp-json\/wp\/v2\/posts\/45561"}],"collection":[{"href":"https:\/\/www.obispado-mdp.org.ar\/a\/wp-json\/wp\/v2\/posts"}],"about":[{"href":"https:\/\/www.obispado-mdp.org.ar\/a\/wp-json\/wp\/v2\/types\/post"}],"author":[{"embeddable":true,"href":"https:\/\/www.obispado-mdp.org.ar\/a\/wp-json\/wp\/v2\/users\/4"}],"replies":[{"embeddable":true,"href":"https:\/\/www.obispado-mdp.org.ar\/a\/wp-json\/wp\/v2\/comments?post=45561"}],"version-history":[{"count":1,"href":"https:\/\/www.obispado-mdp.org.ar\/a\/wp-json\/wp\/v2\/posts\/45561\/revisions"}],"predecessor-version":[{"id":45566,"href":"https:\/\/www.obispado-mdp.org.ar\/a\/wp-json\/wp\/v2\/posts\/45561\/revisions\/45566"}],"wp:attachment":[{"href":"https:\/\/www.obispado-mdp.org.ar\/a\/wp-json\/wp\/v2\/media?parent=45561"}],"wp:term":[{"taxonomy":"category","embeddable":true,"href":"https:\/\/www.obispado-mdp.org.ar\/a\/wp-json\/wp\/v2\/categories?post=45561"},{"taxonomy":"post_tag","embeddable":true,"href":"https:\/\/www.obispado-mdp.org.ar\/a\/wp-json\/wp\/v2\/tags?post=45561"}],"curies":[{"name":"wp","href":"https:\/\/api.w.org\/{rel}","templated":true}]}}