{"id":45567,"date":"2025-02-10T09:42:23","date_gmt":"2025-02-10T12:42:23","guid":{"rendered":"https:\/\/www.obispado-mdp.org.ar\/a\/?p=45567"},"modified":"2025-02-10T09:47:16","modified_gmt":"2025-02-10T12:47:16","slug":"151-aniversario-de-la-ciudad-de-mar-del-plata","status":"publish","type":"post","link":"https:\/\/www.obispado-mdp.org.ar\/a\/151-aniversario-de-la-ciudad-de-mar-del-plata\/","title":{"rendered":"151 aniversario de la Ciudad de Mar del Plata"},"content":{"rendered":"\n<p>Este lunes 10 de Febrero a las 9:00 se celebr\u00f3 el 151 aniversario de la Ciudad.<br>El acto, al pie del monumento a Patricio Peralta Ramos, fundador de Mar del Plata, estuvo encabezado por el Intendente Guillermo Montenegro.<br>En esta oportunidad, el Administrador Apost\u00f3lico de la Di\u00f3cesis de Mar del Plata Monse\u00f1or Ernesto Giobando SJ en su invocaci\u00f3n religiosa dejaba el siguiente mensaje:<\/p>\n\n\n\n<p><strong>Oraci\u00f3n por el 151 aniversario de la ciudad de Mar del Plata<\/strong><\/p>\n\n\n\n<p>Padre nuestro, Padre de todos elevamos nuestro esp\u00edritu en tu presencia y te damos gracias por tu inmenso amor y providencia. Tan inmenso es tu amor como este mar que riega nuestras costas y playas.<br>Te damos gracias por estos 151 a\u00f1os de vida de nuestra ciudad de Mar del Plata, aquel proyecto de los fundadores hoy lo vemos plasmado en una ciudad pujante, trabajadora y abierta a millones de turistas que vienen a descansar.<br>Es la Ciudad Feliz, pero tambi\u00e9n tenemos desaf\u00edos que superar y para eso nos dejas las ense\u00f1anzas de tu Hijo: tenemos el desaf\u00edo de la fraternidad, queremos ser hermanos, d\u00f3nde prevalezca el di\u00e1logo y el respeto mutuo. Queremos ser constructores de paz y de una justicia largamente esperada, \u00a1no a la violencia s\u00ed a la paz!<br>Padre nuestro nos regalas este A\u00f1o Santo de la Esperanza, hacemos memoria del Beato Pironio, el profeta de la Esperanza que nos invita a ser solidarios en esa esperanza que no defrauda y que es el ancla de nuestras vidas.<br>Padre nuestro danos la gracia que all\u00ed donde otros ven oscuridad llevemos tu luz, d\u00f3nde otros agreden demos tu paz, d\u00f3nde otros son violentos llevemos la mansedumbre de tu Coraz\u00f3n, donde otros pasan de largo ante el sufrimiento nos detengamos para dar una mano, levantando al ca\u00eddo, dando alegr\u00eda al triste que ya perdi\u00f3 las ganas de vivir.<br>Padre nuestro, que podamos construir una Mar del Plata donde nadie quede afuera y as\u00ed realizar el sue\u00f1o de aquellos fundadores, que llegaron a estas costas con una inmensa fe y con un coraz\u00f3n lleno de sue\u00f1os. Que seamos responsables y solidarios y que cada uno de nosotros cumpla con su rol, construyendo el bien com\u00fan de nuestra ciudad y de nuestro pa\u00eds.<br>Rezamos juntos:<br>Padre nuestro.<\/p>\n\n\n\n<figure class=\"wp-block-image size-large\"><img loading=\"lazy\" width=\"1024\" height=\"768\" src=\"https:\/\/www.obispado-mdp.org.ar\/a\/wp-content\/uploads\/2025\/02\/WhatsApp-Image-2025-02-10-at-9.22.31-AM-4-1024x768.jpeg\" alt=\"\" class=\"wp-image-45568\"\/><\/figure>\n\n\n\n<figure class=\"wp-block-image size-large\"><img loading=\"lazy\" width=\"1024\" height=\"768\" src=\"https:\/\/www.obispado-mdp.org.ar\/a\/wp-content\/uploads\/2025\/02\/WhatsApp-Image-2025-02-10-at-9.22.31-AM-2-1024x768.jpeg\" alt=\"\" class=\"wp-image-45569\"\/><\/figure>\n\n\n\n<figure class=\"wp-block-image size-large\"><img loading=\"lazy\" width=\"1024\" height=\"768\" src=\"https:\/\/www.obispado-mdp.org.ar\/a\/wp-content\/uploads\/2025\/02\/WhatsApp-Image-2025-02-10-at-9.22.31-AM-3-1024x768.jpeg\" alt=\"\" class=\"wp-image-45570\"\/><\/figure>\n","protected":false},"excerpt":{"rendered":"<p>Este lunes 10 de Febrero a las 9:00 se celebr\u00f3 el 151 aniversario de la Ciudad.El acto, al pie del monumento a Patricio Peralta Ramos, fundador de Mar del Plata, estuvo encabezado por el Intendente Guillermo Montenegro.En esta oportunidad, el Administrador Apost\u00f3lico de la Di\u00f3cesis de Mar del Plata Monse\u00f1or Ernesto Giobando SJ en su [&hellip;]<\/p>\n","protected":false},"author":4,"featured_media":0,"comment_status":"open","ping_status":"open","sticky":false,"template":"","format":"standard","meta":{"_et_pb_use_builder":"","_et_pb_old_content":"","_et_gb_content_width":""},"categories":[4],"tags":[],"aioseo_notices":[],"_links":{"self":[{"href":"https:\/\/www.obispado-mdp.org.ar\/a\/wp-json\/wp\/v2\/posts\/45567"}],"collection":[{"href":"https:\/\/www.obispado-mdp.org.ar\/a\/wp-json\/wp\/v2\/posts"}],"about":[{"href":"https:\/\/www.obispado-mdp.org.ar\/a\/wp-json\/wp\/v2\/types\/post"}],"author":[{"embeddable":true,"href":"https:\/\/www.obispado-mdp.org.ar\/a\/wp-json\/wp\/v2\/users\/4"}],"replies":[{"embeddable":true,"href":"https:\/\/www.obispado-mdp.org.ar\/a\/wp-json\/wp\/v2\/comments?post=45567"}],"version-history":[{"count":1,"href":"https:\/\/www.obispado-mdp.org.ar\/a\/wp-json\/wp\/v2\/posts\/45567\/revisions"}],"predecessor-version":[{"id":45571,"href":"https:\/\/www.obispado-mdp.org.ar\/a\/wp-json\/wp\/v2\/posts\/45567\/revisions\/45571"}],"wp:attachment":[{"href":"https:\/\/www.obispado-mdp.org.ar\/a\/wp-json\/wp\/v2\/media?parent=45567"}],"wp:term":[{"taxonomy":"category","embeddable":true,"href":"https:\/\/www.obispado-mdp.org.ar\/a\/wp-json\/wp\/v2\/categories?post=45567"},{"taxonomy":"post_tag","embeddable":true,"href":"https:\/\/www.obispado-mdp.org.ar\/a\/wp-json\/wp\/v2\/tags?post=45567"}],"curies":[{"name":"wp","href":"https:\/\/api.w.org\/{rel}","templated":true}]}}