{"id":45572,"date":"2025-02-11T21:28:00","date_gmt":"2025-02-12T00:28:00","guid":{"rendered":"https:\/\/www.obispado-mdp.org.ar\/a\/?p=45572"},"modified":"2025-02-11T19:29:22","modified_gmt":"2025-02-11T22:29:22","slug":"veronica-rubi-recibio-el-envio-misionero-y-retoma-su-mision-en-la-amazonia","status":"publish","type":"post","link":"https:\/\/www.obispado-mdp.org.ar\/a\/veronica-rubi-recibio-el-envio-misionero-y-retoma-su-mision-en-la-amazonia\/","title":{"rendered":"Ver\u00f3nica Rub\u00ed recibi\u00f3 el \u201cenv\u00edo misionero\u201d y retoma su misi\u00f3n en la Amazonia"},"content":{"rendered":"\n<p>El pasado domingo 9, coincidentemente con la Fiesta de la Dedicaci\u00f3n de nuestra Iglesia Catedral, el obispo electo, monse\u00f1or Ernesto Giobando sj., presidi\u00f3 la Eucarist\u00eda en ese templo y realiz\u00f3 el \u201cenv\u00edo\u201d de Ver\u00f3nica Rub\u00ed, misionera laica de nuestra di\u00f3cesis que luego de un tiempo de descanso junto a su familia regresa a la misi\u00f3n que lleva adelante en el Vicariato San Jos\u00e9 del Amazonas (Per\u00fa).<\/p>\n\n\n\n<p>Si bien hace un a\u00f1o que Ver\u00f3nica comenz\u00f3 su misi\u00f3n en ese lugar, la Amazonia es su hogar desde hace mucho m\u00e1s, ya que previamente misionaba junto a la familia Marista a pocos kil\u00f3metros de su actual destino, aunque en ese caso en territorio de Brasil, junto a la comunidad Ticuna. Hoy como misionera de nuestra di\u00f3cesis regresa con renovado entusiasmo su apostolado, que abarca no solo la catequesis sino tambi\u00e9n una ardua labor en pos de la promoci\u00f3n de la dignidad humana.<\/p>\n\n\n\n<p>Monse\u00f1or Giobando pidi\u00f3 \u201crezar por Ver\u00f3nica para sostenerla en esta misi\u00f3n de llevar la Palabra de Dios y de escuchar las distintas realidades, que es lo que han hecho los misioneros en estas tierras.\u201d Al respecto coment\u00f3 que en un reciente encuentro con la misionera \u201cme vino a la memoria el libro de un jesuita llamado \u2018La tierra sin mal\u2019 que habla sobre un mito que los misioneros de aquel tiempo descubrieron en su encuentro con los guaran\u00edes: ellos buscaban \u2018la tierra sin mal\u2019, es decir la inmortalidad, el Reino de los Cielos, y all\u00ed se produjo siglos atr\u00e1s la primera evangelizaci\u00f3n.\u201d<\/p>\n\n\n\n<p>Al finalizar la celebraci\u00f3n el Obispo realiz\u00f3 la misi\u00f3n de env\u00edo misionero y le dio la bendici\u00f3n, a la vez que Ver\u00f3nica comparti\u00f3 un breve testimonio y agradeci\u00f3 el acompa\u00f1amiento de nuestra di\u00f3cesis.<\/p>\n\n\n\n<p><\/p>\n\n\n\n<figure class=\"wp-block-image size-large\"><img loading=\"lazy\" width=\"1024\" height=\"768\" src=\"https:\/\/www.obispado-mdp.org.ar\/a\/wp-content\/uploads\/2025\/02\/WhatsApp-Image-2025-02-09-at-12.45.21-PM-1024x768.jpeg\" alt=\"\" class=\"wp-image-45573\"\/><\/figure>\n\n\n\n<figure class=\"wp-block-image size-large\"><img loading=\"lazy\" width=\"1024\" height=\"768\" src=\"https:\/\/www.obispado-mdp.org.ar\/a\/wp-content\/uploads\/2025\/02\/WhatsApp-Image-2025-02-09-at-12.45.48-PM-1024x768.jpeg\" alt=\"\" class=\"wp-image-45574\"\/><\/figure>\n\n\n\n<figure class=\"wp-block-image size-large\"><img loading=\"lazy\" width=\"1024\" height=\"768\" src=\"https:\/\/www.obispado-mdp.org.ar\/a\/wp-content\/uploads\/2025\/02\/WhatsApp-Image-2025-02-09-at-12.43.35-PM-1024x768.jpeg\" alt=\"\" class=\"wp-image-45575\"\/><\/figure>\n","protected":false},"excerpt":{"rendered":"<p>El pasado domingo 9, coincidentemente con la Fiesta de la Dedicaci\u00f3n de nuestra Iglesia Catedral, el obispo electo, monse\u00f1or Ernesto Giobando sj., presidi\u00f3 la Eucarist\u00eda en ese templo y realiz\u00f3 el \u201cenv\u00edo\u201d de Ver\u00f3nica Rub\u00ed, misionera laica de nuestra di\u00f3cesis que luego de un tiempo de descanso junto a su familia regresa a la misi\u00f3n [&hellip;]<\/p>\n","protected":false},"author":4,"featured_media":0,"comment_status":"open","ping_status":"open","sticky":false,"template":"","format":"standard","meta":{"_et_pb_use_builder":"","_et_pb_old_content":"","_et_gb_content_width":""},"categories":[4],"tags":[],"aioseo_notices":[],"_links":{"self":[{"href":"https:\/\/www.obispado-mdp.org.ar\/a\/wp-json\/wp\/v2\/posts\/45572"}],"collection":[{"href":"https:\/\/www.obispado-mdp.org.ar\/a\/wp-json\/wp\/v2\/posts"}],"about":[{"href":"https:\/\/www.obispado-mdp.org.ar\/a\/wp-json\/wp\/v2\/types\/post"}],"author":[{"embeddable":true,"href":"https:\/\/www.obispado-mdp.org.ar\/a\/wp-json\/wp\/v2\/users\/4"}],"replies":[{"embeddable":true,"href":"https:\/\/www.obispado-mdp.org.ar\/a\/wp-json\/wp\/v2\/comments?post=45572"}],"version-history":[{"count":1,"href":"https:\/\/www.obispado-mdp.org.ar\/a\/wp-json\/wp\/v2\/posts\/45572\/revisions"}],"predecessor-version":[{"id":45576,"href":"https:\/\/www.obispado-mdp.org.ar\/a\/wp-json\/wp\/v2\/posts\/45572\/revisions\/45576"}],"wp:attachment":[{"href":"https:\/\/www.obispado-mdp.org.ar\/a\/wp-json\/wp\/v2\/media?parent=45572"}],"wp:term":[{"taxonomy":"category","embeddable":true,"href":"https:\/\/www.obispado-mdp.org.ar\/a\/wp-json\/wp\/v2\/categories?post=45572"},{"taxonomy":"post_tag","embeddable":true,"href":"https:\/\/www.obispado-mdp.org.ar\/a\/wp-json\/wp\/v2\/tags?post=45572"}],"curies":[{"name":"wp","href":"https:\/\/api.w.org\/{rel}","templated":true}]}}