{"id":45577,"date":"2025-02-15T09:57:12","date_gmt":"2025-02-15T12:57:12","guid":{"rendered":"https:\/\/www.obispado-mdp.org.ar\/a\/?p=45577"},"modified":"2025-02-15T09:57:13","modified_gmt":"2025-02-15T12:57:13","slug":"emotiva-celebracion-en-honor-a-nuestra-senora-de-lourdes","status":"publish","type":"post","link":"https:\/\/www.obispado-mdp.org.ar\/a\/emotiva-celebracion-en-honor-a-nuestra-senora-de-lourdes\/","title":{"rendered":"Emotiva celebraci\u00f3n en honor a Nuestra Se\u00f1ora de Lourdes."},"content":{"rendered":"\n<p>Mar del Plata se uni\u00f3 el pasado 11 de febrero, en una emotiva celebraci\u00f3n en honor a Nuestra Se\u00f1ora de Lourdes. La festividad, que tuvo lugar en la emblem\u00e1tica Gruta ubicada en el Puerto de la ciudad, atrajo a miles de fieles locales y turistas que se congregaron para participar en las diversas celebraciones y actividades. \u00a0 <\/p>\n\n\n\n<p>Durante el d\u00eda desde las primeras horas de sucedieron las Misas y el rezo del rosario, siendo el acto central la Eucarist\u00eda que presidi\u00f3 a las 19 el obispo electo de Mar del Plata, monse\u00f1or Ernesto Giobando sj., ante una multitud de devotos que colmaron la Gruta.El su homil\u00eda, el obispo resalt\u00f3: \u201cEstamos celebrando el A\u00f1o Santo Jubilar 2025 en toda la Iglesia Cat\u00f3lica.<\/p>\n\n\n\n<p>El Papa nos ha invitado a recorrer este camino con una renovada esperanza, que es la virtud que nos acompa\u00f1a todo este a\u00f1o, y sabemos la necesidad que tenemos de esperanza en nuestra vida.\u201d \u201cEl lema que nos viene acompa\u00f1ando durante toda la novena nos recuerda que con Mar\u00eda peregrinamos en esperanza y que ella es la madre de la esperanza\u201d, explic\u00f3 Giobando.<\/p>\n\n\n\n<p>Seguidamente destac\u00f3 que \u201cesta Gruta es un lugar de encuentro con Mar\u00eda al que tenemos que peregrinar ya que no est\u00e1 quiz\u00e1s de paso dentro del circuito tur\u00edstico, y aqu\u00ed debajo de Mar\u00eda, como en la Gruta de Lourdes en Francia, nos encontramos con el agua, que es un signo de vida. Miles de personas pasan a los pies de la Virgen y con su mano hacen la se\u00f1al de la cruz o tocan el agua para irse bien limpios y purificados ya que el agua es signo de la presencia viva de Dios que nos quiere salvados.\u201d<\/p>\n\n\n\n<p>Y continu\u00f3 \u201cJes\u00fas, el hijo de Mar\u00eda vino para salvarnos y esa salvaci\u00f3n es la esperanza que nos invita a mirar hacia adelante.&nbsp;Dice el Papa citando a San Pablo que \u2018la esperanza no defrauda\u2019. Hay muchos que est\u00e1n defraudados por promesas que a veces no se cumplen. Podemos pasar muchos males pero la esperanza siempre permanece, siempre est\u00e1, porque es la que nos sostiene, sin esperanza no hay familia, sin esperanza no hay proyectos, sin esperanza no hay sociedad, sin esperanza no hay pa\u00eds, sin esperanza no hay vida humana.\u201d<\/p>\n\n\n\n<p>\u201cLa esperanza es lo que nos acompa\u00f1a. Ser\u00e1 por eso que el primer pueblo de colonia en Argentina se llam\u00f3 y se llama Esperanza, y es la primera colonia de inmigrantes en Argentina\u201d explic\u00f3 y prosigui\u00f3 \u201cen este puerto de Mar del Plata tambi\u00e9n hay esperanza: es algo que identifica al puerto, la esperanza de los que viven aqu\u00ed. Han recibido una tradici\u00f3n familiar muy fuerte en la fe cat\u00f3lica, y hoy pedimos que esa fe no se pierda, sino que contin\u00faen los j\u00f3venes porque ellos son las de esperanza.\u201d<\/p>\n\n\n\n<p>\u201cEl Papa lo pone en el documento que nos regala por este a\u00f1o. Los j\u00f3venes son la esperanza. A veces creemos que los j\u00f3venes est\u00e1n en otra cosa, que tienen otra l\u00f3gica. Hoy ac\u00e1 hay muchos j\u00f3venes y hay tambi\u00e9n seminaristas j\u00f3venes y hay monaguillos j\u00f3venes y hay j\u00f3venes servidores que miran a Mar\u00eda y dicen, ah\u00ed est\u00e1 ella que es quien fortalece y consolida\u201d asever\u00f3.<\/p>\n\n\n\n<p>\u201cNo es casual que la piedad popular siga invocando a la Sant\u00edsima Virgen como Stella Maris, un t\u00edtulo expresivo de la esperanza cierta de que en los borrascosos acontecimientos de la vida la madre de Dios viene en nuestro auxilio, nos sostiene y nos invita a confiar y a seguir esperando. Que Mar\u00eda de Lourdes, estrella del mar, nuestra madre de la esperanza, nos proteja y nos siga acompa\u00f1ando\u201d finaliz\u00f3.<br>\u00a0<br>\u00a0Tras la Misa, una procesi\u00f3n recorri\u00f3 las calles aleda\u00f1as a la gruta, fortaleciendo el esp\u00edritu comunitario de la ocasi\u00f3n. La celebraci\u00f3n no solo conmemor\u00f3 la aparici\u00f3n de la Virgen a Santa Bernadette, sino que tambi\u00e9n reforz\u00f3 los lazos culturales y espirituales dentro de la comunidad de Mar del Plata.<\/p>\n\n\n\n<p>Gentileza fotograf\u00eda: Elena Navas<\/p>\n\n\n\n<figure class=\"wp-block-image size-large\"><img loading=\"lazy\" width=\"1024\" height=\"768\" src=\"https:\/\/www.obispado-mdp.org.ar\/a\/wp-content\/uploads\/2025\/02\/WhatsApp-Image-2025-02-12-at-9.07.34-AM-1024x768.jpeg\" alt=\"\" class=\"wp-image-45580\"\/><\/figure>\n\n\n\n<figure class=\"wp-block-image size-large\"><img loading=\"lazy\" width=\"1024\" height=\"768\" src=\"https:\/\/www.obispado-mdp.org.ar\/a\/wp-content\/uploads\/2025\/02\/WhatsApp-Image-2025-02-12-at-9.07.35-AM-1024x768.jpeg\" alt=\"\" class=\"wp-image-45579\"\/><\/figure>\n\n\n\n<figure class=\"wp-block-image size-large\"><img loading=\"lazy\" width=\"1024\" height=\"682\" src=\"https:\/\/www.obispado-mdp.org.ar\/a\/wp-content\/uploads\/2025\/02\/WhatsApp-Image-2025-02-12-at-9.15.42-AM-1-1024x682.jpeg\" alt=\"\" class=\"wp-image-45578\"\/><\/figure>\n\n\n\n<figure class=\"wp-block-image size-large is-resized\"><img loading=\"lazy\" src=\"https:\/\/www.obispado-mdp.org.ar\/a\/wp-content\/uploads\/2025\/02\/WhatsApp-Image-2025-02-12-at-9.15.42-AM-682x1024.jpeg\" alt=\"\" class=\"wp-image-45581\" width=\"819\" height=\"1230\"\/><\/figure>\n\n\n\n<figure class=\"wp-block-image size-large is-resized\"><img loading=\"lazy\" src=\"https:\/\/www.obispado-mdp.org.ar\/a\/wp-content\/uploads\/2025\/02\/WhatsApp-Image-2025-02-12-at-9.15.41-AM-682x1024.jpeg\" alt=\"\" class=\"wp-image-45582\" width=\"820\" height=\"1231\"\/><\/figure>\n\n\n\n<figure class=\"wp-block-image size-large\"><img loading=\"lazy\" width=\"1024\" height=\"768\" src=\"https:\/\/www.obispado-mdp.org.ar\/a\/wp-content\/uploads\/2025\/02\/WhatsApp-Image-2025-02-12-at-9.07.31-AM-1024x768.jpeg\" alt=\"\" class=\"wp-image-45583\"\/><\/figure>\n\n\n\n<figure class=\"wp-block-image\"><img alt=\"\"\/><\/figure>\n","protected":false},"excerpt":{"rendered":"<p>Mar del Plata se uni\u00f3 el pasado 11 de febrero, en una emotiva celebraci\u00f3n en honor a Nuestra Se\u00f1ora de Lourdes. La festividad, que tuvo lugar en la emblem\u00e1tica Gruta ubicada en el Puerto de la ciudad, atrajo a miles de fieles locales y turistas que se congregaron para participar en las diversas celebraciones y [&hellip;]<\/p>\n","protected":false},"author":4,"featured_media":0,"comment_status":"open","ping_status":"open","sticky":false,"template":"","format":"standard","meta":{"_et_pb_use_builder":"","_et_pb_old_content":"","_et_gb_content_width":""},"categories":[4],"tags":[],"aioseo_notices":[],"_links":{"self":[{"href":"https:\/\/www.obispado-mdp.org.ar\/a\/wp-json\/wp\/v2\/posts\/45577"}],"collection":[{"href":"https:\/\/www.obispado-mdp.org.ar\/a\/wp-json\/wp\/v2\/posts"}],"about":[{"href":"https:\/\/www.obispado-mdp.org.ar\/a\/wp-json\/wp\/v2\/types\/post"}],"author":[{"embeddable":true,"href":"https:\/\/www.obispado-mdp.org.ar\/a\/wp-json\/wp\/v2\/users\/4"}],"replies":[{"embeddable":true,"href":"https:\/\/www.obispado-mdp.org.ar\/a\/wp-json\/wp\/v2\/comments?post=45577"}],"version-history":[{"count":1,"href":"https:\/\/www.obispado-mdp.org.ar\/a\/wp-json\/wp\/v2\/posts\/45577\/revisions"}],"predecessor-version":[{"id":45584,"href":"https:\/\/www.obispado-mdp.org.ar\/a\/wp-json\/wp\/v2\/posts\/45577\/revisions\/45584"}],"wp:attachment":[{"href":"https:\/\/www.obispado-mdp.org.ar\/a\/wp-json\/wp\/v2\/media?parent=45577"}],"wp:term":[{"taxonomy":"category","embeddable":true,"href":"https:\/\/www.obispado-mdp.org.ar\/a\/wp-json\/wp\/v2\/categories?post=45577"},{"taxonomy":"post_tag","embeddable":true,"href":"https:\/\/www.obispado-mdp.org.ar\/a\/wp-json\/wp\/v2\/tags?post=45577"}],"curies":[{"name":"wp","href":"https:\/\/api.w.org\/{rel}","templated":true}]}}