{"id":45585,"date":"2025-02-17T08:34:10","date_gmt":"2025-02-17T11:34:10","guid":{"rendered":"https:\/\/www.obispado-mdp.org.ar\/a\/?p=45585"},"modified":"2025-02-17T08:34:12","modified_gmt":"2025-02-17T11:34:12","slug":"catequistas-escolares-compartieron-una-jornada-de-espiritualidad-y-formacion","status":"publish","type":"post","link":"https:\/\/www.obispado-mdp.org.ar\/a\/catequistas-escolares-compartieron-una-jornada-de-espiritualidad-y-formacion\/","title":{"rendered":"Catequistas escolares compartieron una jornada de espiritualidad y formaci\u00f3n"},"content":{"rendered":"\n<p>Catequistas y coordinadores de Pastoral de las escuelas cat\u00f3licas de la di\u00f3cesis de Mar del Plata participaron este jueves 13 de febrero, de una jornada marcada por la oraci\u00f3n, la reflexi\u00f3n y la formaci\u00f3n. El encuentro comenz\u00f3 en la Gruta de Lourdes con la Santa Misa que presidi\u00f3 el administrador apost\u00f3lico y obispo electo, monse\u00f1or Ernesto Giobando sj. Concelebraron el delegado episcopal de Educaci\u00f3n, presb\u00edtero Juan Cruz Mennilli, el asesor del \u00e1rea de Pastoral de la JuREC, presb\u00edtero Gonzalo Domench, y p\u00e1rrocos y capellanes de escuelas de la di\u00f3cesis.<\/p>\n\n\n\n<p>Luego de la celebraci\u00f3n, se realiz\u00f3 una breve peregrinaci\u00f3n hacia la Escuela Sagrada Familia, donde continu\u00f3 el desarrollo del encuentro. All\u00ed, los m\u00e1s de 150 catequistas participaron de una charla a cargo del presb\u00edtero Alejandro Puiggari, de la Arquidi\u00f3cesis de Buenos Aires, quien tom\u00f3 como eje la virtud de la esperanza para su reflexi\u00f3n. Por la tarde, luego del almuerzo, su charla gir\u00f3 en torno a los nuevos desaf\u00edos de la catequesis en la era digital.<\/p>\n\n\n\n<p>Promediando ya la Jornada, el profesor Mauro Nicolino present\u00f3 algunos aspectos del Jubileo convocado por el Papa, y tambi\u00e9n comparti\u00f3 los puntos centrales del documento \u201cUn Pacto Educativo \u00b4Glocal\u2019, generador de esperanza\u201d del Dicasterio para la Cultura y la Educaci\u00f3n de la Santa Sede.<\/p>\n\n\n\n<p>Finalmente se realiz\u00f3 un momento de oraci\u00f3n como cierre del encuentro, el cual tuvo lugar en el templo parroquial de la Sagrada Familia. All\u00ed miembros de JuREC repasaron las pr\u00f3ximas convocatorias que esperan llevar adelante durante el presente ciclo lectivo.<\/p>\n\n\n\n<figure class=\"wp-block-image size-full\"><img loading=\"lazy\" width=\"940\" height=\"788\" src=\"https:\/\/www.obispado-mdp.org.ar\/a\/wp-content\/uploads\/2025\/02\/Diseno-sin-titulo-20.png\" alt=\"\" class=\"wp-image-45586\"\/><\/figure>\n\n\n\n<figure class=\"wp-block-image size-large is-resized\"><img loading=\"lazy\" src=\"https:\/\/www.obispado-mdp.org.ar\/a\/wp-content\/uploads\/2025\/02\/WhatsApp-Image-2025-02-15-at-12.00.01-PM-1024x420.jpeg\" alt=\"\" class=\"wp-image-45588\" width=\"820\" height=\"335\"\/><\/figure>\n\n\n\n<figure class=\"wp-block-image size-large is-resized\"><img loading=\"lazy\" src=\"https:\/\/www.obispado-mdp.org.ar\/a\/wp-content\/uploads\/2025\/02\/WhatsApp-Image-2025-02-15-at-12.00.01-PM-2-771x1024.jpeg\" alt=\"\" class=\"wp-image-45587\" width=\"818\" height=\"1086\"\/><\/figure>\n\n\n\n<figure class=\"wp-block-image size-large\"><img loading=\"lazy\" width=\"1024\" height=\"720\" src=\"https:\/\/www.obispado-mdp.org.ar\/a\/wp-content\/uploads\/2025\/02\/WhatsApp-Image-2025-02-15-at-11.59.59-AM-1-1024x720.jpeg\" alt=\"\" class=\"wp-image-45589\"\/><\/figure>\n\n\n\n<figure class=\"wp-block-image size-large\"><img loading=\"lazy\" width=\"1024\" height=\"310\" src=\"https:\/\/www.obispado-mdp.org.ar\/a\/wp-content\/uploads\/2025\/02\/WhatsApp-Image-2025-02-15-at-12.00.00-PM-1024x310.jpeg\" alt=\"\" class=\"wp-image-45590\"\/><\/figure>\n\n\n\n<figure class=\"wp-block-image size-large\"><img loading=\"lazy\" width=\"767\" height=\"1024\" src=\"https:\/\/www.obispado-mdp.org.ar\/a\/wp-content\/uploads\/2025\/02\/WhatsApp-Image-2025-02-15-at-11.59.59-AM-767x1024.jpeg\" alt=\"\" class=\"wp-image-45591\"\/><\/figure>\n","protected":false},"excerpt":{"rendered":"<p>Catequistas y coordinadores de Pastoral de las escuelas cat\u00f3licas de la di\u00f3cesis de Mar del Plata participaron este jueves 13 de febrero, de una jornada marcada por la oraci\u00f3n, la reflexi\u00f3n y la formaci\u00f3n. El encuentro comenz\u00f3 en la Gruta de Lourdes con la Santa Misa que presidi\u00f3 el administrador apost\u00f3lico y obispo electo, monse\u00f1or [&hellip;]<\/p>\n","protected":false},"author":4,"featured_media":0,"comment_status":"open","ping_status":"open","sticky":false,"template":"","format":"standard","meta":{"_et_pb_use_builder":"","_et_pb_old_content":"","_et_gb_content_width":""},"categories":[4],"tags":[],"aioseo_notices":[],"_links":{"self":[{"href":"https:\/\/www.obispado-mdp.org.ar\/a\/wp-json\/wp\/v2\/posts\/45585"}],"collection":[{"href":"https:\/\/www.obispado-mdp.org.ar\/a\/wp-json\/wp\/v2\/posts"}],"about":[{"href":"https:\/\/www.obispado-mdp.org.ar\/a\/wp-json\/wp\/v2\/types\/post"}],"author":[{"embeddable":true,"href":"https:\/\/www.obispado-mdp.org.ar\/a\/wp-json\/wp\/v2\/users\/4"}],"replies":[{"embeddable":true,"href":"https:\/\/www.obispado-mdp.org.ar\/a\/wp-json\/wp\/v2\/comments?post=45585"}],"version-history":[{"count":1,"href":"https:\/\/www.obispado-mdp.org.ar\/a\/wp-json\/wp\/v2\/posts\/45585\/revisions"}],"predecessor-version":[{"id":45592,"href":"https:\/\/www.obispado-mdp.org.ar\/a\/wp-json\/wp\/v2\/posts\/45585\/revisions\/45592"}],"wp:attachment":[{"href":"https:\/\/www.obispado-mdp.org.ar\/a\/wp-json\/wp\/v2\/media?parent=45585"}],"wp:term":[{"taxonomy":"category","embeddable":true,"href":"https:\/\/www.obispado-mdp.org.ar\/a\/wp-json\/wp\/v2\/categories?post=45585"},{"taxonomy":"post_tag","embeddable":true,"href":"https:\/\/www.obispado-mdp.org.ar\/a\/wp-json\/wp\/v2\/tags?post=45585"}],"curies":[{"name":"wp","href":"https:\/\/api.w.org\/{rel}","templated":true}]}}