{"id":45594,"date":"2025-02-17T14:01:13","date_gmt":"2025-02-17T17:01:13","guid":{"rendered":"https:\/\/www.obispado-mdp.org.ar\/a\/?p=45594"},"modified":"2025-02-17T15:13:59","modified_gmt":"2025-02-17T18:13:59","slug":"concluyo-la-semana-vocacional","status":"publish","type":"post","link":"https:\/\/www.obispado-mdp.org.ar\/a\/concluyo-la-semana-vocacional\/","title":{"rendered":"Concluy\u00f3 la semana vocacional"},"content":{"rendered":"\n<p>Distintas actividades de llevaron a cabo d\u00edas atr\u00e1s en el marco de la Semana Vocacional Diocesana. Adem\u00e1s de la celebraci\u00f3n en que seminaristas diocesanos recibieron ministerios y de la Misa de env\u00edo de la misionera Ver\u00f3nica Rub\u00ed, quien ya regres\u00f3 a su destino en la Amazon\u00eda, tambi\u00e9n hubo momentos de oraci\u00f3n y una Misa por los novios.&nbsp;<\/p>\n\n\n\n<p>El jueves 6 se desarroll\u00f3 un encuentro juvenil organizado por la Pastoral Vocacional con la propuesta de \u201cmateamos con la Palabra\u201d, y compartir la celebraci\u00f3n de la Santa Misa presidida por el administrador apost\u00f3lico, monse\u00f1or Ernesto Giobando sj. Seguidamente hubo un momento de adoraci\u00f3n al Sant\u00edsimo Sacramento en el que los j\u00f3venes meditaron sobre la vocaci\u00f3n ante la presencia del Se\u00f1or.&nbsp;<\/p>\n\n\n\n<p>Por su parte el 14 de febrero tuvo lugar la \u201cMisa de los Enamorados\u201d en la que los novios rezaron por su proyecto de vida, en el d\u00eda de San Valent\u00edn.&nbsp;<\/p>\n\n\n\n<p>Cabe destacar que en las comunidades parroquiales tambi\u00e9n se llevaron adelante diversas iniciativas a la vez que los fieles de la di\u00f3cesis recibieron el Mensaje Vocacional de monse\u00f1or Giobando en el que destac\u00f3 que la semana vocacional es \u201cun tiempo oportuno para profundizar sobre nuestro llamado\u201d y exhort\u00f3 \u201cpedir al Se\u00f1or que suscite vocaciones a la vida matrimonial, consagrada y sacerdotal y para que los j\u00f3venes escuchen esta llamada y respondan con generosidad.\u201d<\/p>\n\n\n\n<figure class=\"wp-block-image size-full\"><img loading=\"lazy\" width=\"940\" height=\"788\" src=\"https:\/\/www.obispado-mdp.org.ar\/a\/wp-content\/uploads\/2025\/02\/Diseno-sin-titulo-21.png\" alt=\"\" class=\"wp-image-45609\"\/><\/figure>\n\n\n\n<figure class=\"wp-block-image size-large\"><img loading=\"lazy\" width=\"1024\" height=\"768\" src=\"https:\/\/www.obispado-mdp.org.ar\/a\/wp-content\/uploads\/2025\/02\/WhatsApp-Image-2025-02-17-at-12.21.50-PM-2-1024x768.jpeg\" alt=\"\" class=\"wp-image-45596\"\/><\/figure>\n\n\n\n<figure class=\"wp-block-image size-large is-resized\"><img loading=\"lazy\" src=\"https:\/\/www.obispado-mdp.org.ar\/a\/wp-content\/uploads\/2025\/02\/WhatsApp-Image-2025-02-17-at-12.21.49-PM-2-768x1024.jpeg\" alt=\"\" class=\"wp-image-45598\" width=\"819\" height=\"1092\"\/><\/figure>\n\n\n\n<figure class=\"wp-block-image size-large is-resized\"><img loading=\"lazy\" src=\"https:\/\/www.obispado-mdp.org.ar\/a\/wp-content\/uploads\/2025\/02\/WhatsApp-Image-2025-02-17-at-12.21.49-PM-768x1024.jpeg\" alt=\"\" class=\"wp-image-45599\" width=\"821\" height=\"1095\"\/><\/figure>\n\n\n\n<figure class=\"wp-block-image size-large is-resized\"><img loading=\"lazy\" src=\"https:\/\/www.obispado-mdp.org.ar\/a\/wp-content\/uploads\/2025\/02\/WhatsApp-Image-2025-02-17-at-12.21.49-PM-1-768x1024.jpeg\" alt=\"\" class=\"wp-image-45597\" width=\"818\" height=\"1091\"\/><\/figure>\n\n\n\n<figure class=\"wp-block-image size-large\"><img loading=\"lazy\" width=\"855\" height=\"1024\" src=\"https:\/\/www.obispado-mdp.org.ar\/a\/wp-content\/uploads\/2025\/02\/WhatsApp-Image-2025-02-17-at-12.21.50-PM-1-855x1024.jpeg\" alt=\"\" class=\"wp-image-45600\"\/><\/figure>\n\n\n\n<figure class=\"wp-block-image size-large\"><img loading=\"lazy\" width=\"1024\" height=\"768\" src=\"https:\/\/www.obispado-mdp.org.ar\/a\/wp-content\/uploads\/2025\/02\/WhatsApp-Image-2025-02-17-at-12.54.23-PM-1024x768.jpeg\" alt=\"\" class=\"wp-image-45604\"\/><\/figure>\n\n\n\n<figure class=\"wp-block-image size-large\"><img loading=\"lazy\" width=\"1024\" height=\"768\" src=\"https:\/\/www.obispado-mdp.org.ar\/a\/wp-content\/uploads\/2025\/02\/WhatsApp-Image-2025-02-17-at-12.22.58-PM-1024x768.jpeg\" alt=\"\" class=\"wp-image-45601\"\/><\/figure>\n\n\n\n<figure class=\"wp-block-image size-large\"><img loading=\"lazy\" width=\"1024\" height=\"769\" src=\"https:\/\/www.obispado-mdp.org.ar\/a\/wp-content\/uploads\/2025\/02\/WhatsApp-Image-2025-02-17-at-12.22.59-PM-1024x769.jpeg\" alt=\"\" class=\"wp-image-45602\"\/><\/figure>\n\n\n\n<figure class=\"wp-block-image size-large\"><img loading=\"lazy\" width=\"1024\" height=\"768\" src=\"https:\/\/www.obispado-mdp.org.ar\/a\/wp-content\/uploads\/2025\/02\/WhatsApp-Image-2025-02-17-at-12.54.24-PM-2-1024x768.jpeg\" alt=\"\" class=\"wp-image-45603\"\/><\/figure>\n\n\n\n<figure class=\"wp-block-image size-large\"><img loading=\"lazy\" width=\"1024\" height=\"768\" src=\"https:\/\/www.obispado-mdp.org.ar\/a\/wp-content\/uploads\/2025\/02\/WhatsApp-Image-2025-02-17-at-12.54.22-PM-1-1024x768.jpeg\" alt=\"\" class=\"wp-image-45605\"\/><\/figure>\n","protected":false},"excerpt":{"rendered":"<p>Distintas actividades de llevaron a cabo d\u00edas atr\u00e1s en el marco de la Semana Vocacional Diocesana. Adem\u00e1s de la celebraci\u00f3n en que seminaristas diocesanos recibieron ministerios y de la Misa de env\u00edo de la misionera Ver\u00f3nica Rub\u00ed, quien ya regres\u00f3 a su destino en la Amazon\u00eda, tambi\u00e9n hubo momentos de oraci\u00f3n y una Misa por [&hellip;]<\/p>\n","protected":false},"author":4,"featured_media":0,"comment_status":"open","ping_status":"open","sticky":false,"template":"","format":"standard","meta":{"_et_pb_use_builder":"","_et_pb_old_content":"","_et_gb_content_width":""},"categories":[4],"tags":[],"aioseo_notices":[],"_links":{"self":[{"href":"https:\/\/www.obispado-mdp.org.ar\/a\/wp-json\/wp\/v2\/posts\/45594"}],"collection":[{"href":"https:\/\/www.obispado-mdp.org.ar\/a\/wp-json\/wp\/v2\/posts"}],"about":[{"href":"https:\/\/www.obispado-mdp.org.ar\/a\/wp-json\/wp\/v2\/types\/post"}],"author":[{"embeddable":true,"href":"https:\/\/www.obispado-mdp.org.ar\/a\/wp-json\/wp\/v2\/users\/4"}],"replies":[{"embeddable":true,"href":"https:\/\/www.obispado-mdp.org.ar\/a\/wp-json\/wp\/v2\/comments?post=45594"}],"version-history":[{"count":4,"href":"https:\/\/www.obispado-mdp.org.ar\/a\/wp-json\/wp\/v2\/posts\/45594\/revisions"}],"predecessor-version":[{"id":45620,"href":"https:\/\/www.obispado-mdp.org.ar\/a\/wp-json\/wp\/v2\/posts\/45594\/revisions\/45620"}],"wp:attachment":[{"href":"https:\/\/www.obispado-mdp.org.ar\/a\/wp-json\/wp\/v2\/media?parent=45594"}],"wp:term":[{"taxonomy":"category","embeddable":true,"href":"https:\/\/www.obispado-mdp.org.ar\/a\/wp-json\/wp\/v2\/categories?post=45594"},{"taxonomy":"post_tag","embeddable":true,"href":"https:\/\/www.obispado-mdp.org.ar\/a\/wp-json\/wp\/v2\/tags?post=45594"}],"curies":[{"name":"wp","href":"https:\/\/api.w.org\/{rel}","templated":true}]}}