{"id":45611,"date":"2025-02-17T19:00:00","date_gmt":"2025-02-17T22:00:00","guid":{"rendered":"https:\/\/www.obispado-mdp.org.ar\/a\/?p=45611"},"modified":"2025-02-17T15:03:56","modified_gmt":"2025-02-17T18:03:56","slug":"el-padre-fernando-mendoza-es-el-nuevo-parroco-de-jesus-obrero","status":"publish","type":"post","link":"https:\/\/www.obispado-mdp.org.ar\/a\/el-padre-fernando-mendoza-es-el-nuevo-parroco-de-jesus-obrero\/","title":{"rendered":"El padre Fernando Mendoza es el nuevo P\u00e1rroco de Jes\u00fas Obrero"},"content":{"rendered":"\n<p>Con un templo colmado de fieles, asumi\u00f3 este domingo 16 de febrero el nuevo p\u00e1rroco de Jes\u00fas Obrero. El presb\u00edtero Fernando Mendoza fue recibido por decenas de fieles de las comunidades en las que se desempe\u00f1\u00f3 en Mar del Plata as\u00ed como tambi\u00e9n de las localidades de Miramar y Necochea.<br>La Misa fue presidida por monse\u00f1or Ernesto Giobando, quien destac\u00f3 la disponibilidad del flamante p\u00e1rroco para asumir esta nueva tarea encomendada, y agradeci\u00f3 el acompa\u00f1amiento de las comunidades que se hicieron presentes en la celebraci\u00f3n.<br>En su homil\u00eda el Administrador Apost\u00f3lico asever\u00f3 que \u201caqu\u00ed el Padre Fernando recibir\u00e1 nuevos rostros que van entrando en el coraz\u00f3n, en nuestros afectos, para que podamos as\u00ed asumir con un coraz\u00f3n paternal una nueva comunidad. Ser padre o madre no significa \u00fanicamente tener un hijo, sino vivir la paternidad y la maternidad.\u201d\u00a0<br>Comentando el Evangelio explic\u00f3 que \u201ccuando decimos que los cristianos tenemos que ser pobres no nos referimos solo a las cuestiones materiales sino a un coraz\u00f3n que est\u00e1 disponible, un coraz\u00f3n que est\u00e1 lleno de Dios que es nuestra principal riqueza\u201d y destac\u00f3 \u201cel que tiene a Dios ya tiene todo, no le falta nada, y m\u00e1s a\u00fan no se tiene que preocupar de nada m\u00e1s que Dios sea amado, que Dios reine en los corazones, esa es la tarea evangelizadora, llevar a Jes\u00fas al coraz\u00f3n cada uno de los que ustedes.\u201d<br>\u201cEl ser humano busca la felicidad y a veces hasta desordenadamente porque hay distintas felicidades. Para algunos la felicidad es tener, poseer, el dinero, algunos ponen su coraz\u00f3n en eso. Y toda la vida viven para ver si van a tener m\u00e1s en esta vida\u201d agreg\u00f3.\u00a0<br>Y prosigui\u00f3 \u201ccomo sabemos Jes\u00fas nos ense\u00f1a que no hay que acumular tesoros en esta tierra, que nuestros tesoros est\u00e1n en el cielo, y para ello tenemos que tener confianza, que es la segunda ense\u00f1anza de la lectura de este d\u00eda. La Biblia nos dice que aquellos que conf\u00edan en el hombre y no conf\u00edan en Dios esos, son como esos yuyos que se los lleva el viento, y a los que conf\u00edan en Dios los llama benditos.\u201c<br>Finalmente dirigi\u00e9ndose al flamante P\u00e1rroco le dijo \u201cquerido Fernando: despu\u00e9s de un a\u00f1o te voy conociendo, s\u00e9 que sos muy buena persona, muy buena gente como decimos y buen cura; ac\u00e1 ten\u00e9s una comunidad que se te conf\u00eda: ellos van a poner la confianza en vos, confia tambi\u00e9n en ellos, en esta comunidad.\u201d<br>Al finalizar la celebraci\u00f3n el padre Fernando manifest\u00f3 a los files: \u201cEl Se\u00f1or fue renovando, reiterando su llamado a lo largo de estos 27 a\u00f1os de sacerdote. Hoy me ha resultado muy significativo, a medida que iba realizando el rito de la aspersi\u00f3n y viendo los rostros de muchos de ustedes, identificar las comunidades de San Jos\u00e9 de Balcarce donde comenc\u00e9 siendo sacerdote, como vicario parroquial, la comunidad de Santa Ana, que fue mi \u201cconejito de Indias\u201d, pobres, siempre digo lo mismo, pero son necesarios esos primeros pasos impetuosos que despu\u00e9s con el tiempo se van atemperando. Luego la hermosa comunidad de San Andr\u00e9s de Miramar, esos 12 a\u00f1os, una hermosa experiencia del interior de la di\u00f3cesis. Bendigo a Dios por mis dos experiencias de p\u00e1rroco tanto en Miramar, 12 a\u00f1os, como tambi\u00e9n en Necochea, en las parroquias de Santa Mar\u00eda del Carmen y de Pompeya, que me transmitieron una mirada muy linda de la Iglesia.\u201d<br>Y prosigui\u00f3 \u201cvamos a caminar juntos. Providencialmente en un a\u00f1o jubilar marcado por la esperanza. Cristo entre nosotros, esperanza de la gloria. Quiero ser eso tambi\u00e9n para ustedes. Yo entre ustedes quiero ser un signo de esperanza y tambi\u00e9n necesito que ustedes lo sean para m\u00ed. Cu\u00e1ndo me enter\u00e9 que ven\u00eda aqu\u00ed, a Jes\u00fas Obrero, se me vino a la mente una frase del Papa Benedicto, en el d\u00eda en que fue elegido Papa, y se present\u00f3 como un humilde trabajador de la vi\u00f1a del Se\u00f1or y esas palabras quiero que tambi\u00e9n me definan, quiero ser un humilde obrero de la vi\u00f1a del Se\u00f1or, aqu\u00ed en Jes\u00fas Obrero.\u201d<br>\u201cVengo de una familia de trabajadores, como la mayor\u00eda de nosotros. El trabajo siempre fue un don y una gracia en mi casa. Mi pap\u00e1, levant\u00e1ndose muy temprano, ya que era viajante, y mi mam\u00e1 tambi\u00e9n cuando las cosas empezaron a no andar bien se arremang\u00f3 y transform\u00f3 bolsas de harina en pasteles, empanadas, ravioles y fideos. La Eucarist\u00eda nos compromete al trabajo en la evangelizaci\u00f3n\u201d asever\u00f3.\u00a0<br>Y finaliz\u00f3 \u201cagradezco a Monse\u00f1or Ernesto la confianza, no solamente de ponerme aqu\u00ed sino la confianza a lo largo de este a\u00f1o que ha sido duro, y agradecer que se puso la di\u00f3cesis al hombro. Tambi\u00e9n agradezco la presencia de los hermanos sacerdotes fundamentalmente el querido padre Ezequiel hasta hoy administrador de esta parroquia\u201d.<\/p>\n\n\n\n<figure class=\"wp-block-image size-large\"><img loading=\"lazy\" width=\"1024\" height=\"768\" src=\"https:\/\/www.obispado-mdp.org.ar\/a\/wp-content\/uploads\/2025\/02\/WhatsApp-Image-2025-02-16-at-6.08.52-PM-6-1024x768.jpeg\" alt=\"\" class=\"wp-image-45615\"\/><\/figure>\n\n\n\n<figure class=\"wp-block-image size-large\"><img loading=\"lazy\" width=\"1024\" height=\"768\" src=\"https:\/\/www.obispado-mdp.org.ar\/a\/wp-content\/uploads\/2025\/02\/WhatsApp-Image-2025-02-16-at-6.08.51-PM-1-1024x768.jpeg\" alt=\"\" class=\"wp-image-45613\"\/><\/figure>\n\n\n\n<figure class=\"wp-block-image size-large\"><img loading=\"lazy\" width=\"1024\" height=\"768\" src=\"https:\/\/www.obispado-mdp.org.ar\/a\/wp-content\/uploads\/2025\/02\/WhatsApp-Image-2025-02-16-at-6.08.52-PM-5-1024x768.jpeg\" alt=\"\" class=\"wp-image-45614\"\/><\/figure>\n\n\n\n<figure class=\"wp-block-image size-large\"><img loading=\"lazy\" width=\"1024\" height=\"768\" src=\"https:\/\/www.obispado-mdp.org.ar\/a\/wp-content\/uploads\/2025\/02\/WhatsApp-Image-2025-02-16-at-6.08.51-PM-4-1024x768.jpeg\" alt=\"\" class=\"wp-image-45616\"\/><\/figure>\n\n\n\n<figure class=\"wp-block-image size-large\"><img loading=\"lazy\" width=\"1024\" height=\"768\" src=\"https:\/\/www.obispado-mdp.org.ar\/a\/wp-content\/uploads\/2025\/02\/WhatsApp-Image-2025-02-16-at-6.08.52-PM-3-1024x768.jpeg\" alt=\"\" class=\"wp-image-45618\"\/><\/figure>\n\n\n\n<figure class=\"wp-block-image size-large\"><img loading=\"lazy\" width=\"1024\" height=\"768\" src=\"https:\/\/www.obispado-mdp.org.ar\/a\/wp-content\/uploads\/2025\/02\/WhatsApp-Image-2025-02-16-at-6.08.52-PM-1-1024x768.jpeg\" alt=\"\" class=\"wp-image-45617\"\/><\/figure>\n","protected":false},"excerpt":{"rendered":"<p>Con un templo colmado de fieles, asumi\u00f3 este domingo 16 de febrero el nuevo p\u00e1rroco de Jes\u00fas Obrero. El presb\u00edtero Fernando Mendoza fue recibido por decenas de fieles de las comunidades en las que se desempe\u00f1\u00f3 en Mar del Plata as\u00ed como tambi\u00e9n de las localidades de Miramar y Necochea.La Misa fue presidida por monse\u00f1or [&hellip;]<\/p>\n","protected":false},"author":4,"featured_media":0,"comment_status":"open","ping_status":"open","sticky":false,"template":"","format":"standard","meta":{"_et_pb_use_builder":"","_et_pb_old_content":"","_et_gb_content_width":""},"categories":[4],"tags":[],"aioseo_notices":[],"_links":{"self":[{"href":"https:\/\/www.obispado-mdp.org.ar\/a\/wp-json\/wp\/v2\/posts\/45611"}],"collection":[{"href":"https:\/\/www.obispado-mdp.org.ar\/a\/wp-json\/wp\/v2\/posts"}],"about":[{"href":"https:\/\/www.obispado-mdp.org.ar\/a\/wp-json\/wp\/v2\/types\/post"}],"author":[{"embeddable":true,"href":"https:\/\/www.obispado-mdp.org.ar\/a\/wp-json\/wp\/v2\/users\/4"}],"replies":[{"embeddable":true,"href":"https:\/\/www.obispado-mdp.org.ar\/a\/wp-json\/wp\/v2\/comments?post=45611"}],"version-history":[{"count":2,"href":"https:\/\/www.obispado-mdp.org.ar\/a\/wp-json\/wp\/v2\/posts\/45611\/revisions"}],"predecessor-version":[{"id":45619,"href":"https:\/\/www.obispado-mdp.org.ar\/a\/wp-json\/wp\/v2\/posts\/45611\/revisions\/45619"}],"wp:attachment":[{"href":"https:\/\/www.obispado-mdp.org.ar\/a\/wp-json\/wp\/v2\/media?parent=45611"}],"wp:term":[{"taxonomy":"category","embeddable":true,"href":"https:\/\/www.obispado-mdp.org.ar\/a\/wp-json\/wp\/v2\/categories?post=45611"},{"taxonomy":"post_tag","embeddable":true,"href":"https:\/\/www.obispado-mdp.org.ar\/a\/wp-json\/wp\/v2\/tags?post=45611"}],"curies":[{"name":"wp","href":"https:\/\/api.w.org\/{rel}","templated":true}]}}