{"id":45621,"date":"2025-02-22T18:00:16","date_gmt":"2025-02-22T21:00:16","guid":{"rendered":"https:\/\/www.obispado-mdp.org.ar\/a\/?p=45621"},"modified":"2025-02-22T18:00:22","modified_gmt":"2025-02-22T21:00:22","slug":"asumio-monsenor-ernesto-giobando-como-obispo-de-mar-del-plata","status":"publish","type":"post","link":"https:\/\/www.obispado-mdp.org.ar\/a\/asumio-monsenor-ernesto-giobando-como-obispo-de-mar-del-plata\/","title":{"rendered":"Asumi\u00f3 monse\u00f1or Ernesto Giobando como Obispo de Mar del Plata"},"content":{"rendered":"\n<p>En una festiva celebraci\u00f3n, la di\u00f3cesis de Mar del Plata recibi\u00f3 este s\u00e1bado 22 a quien desde ahora es su nuevo Obispo. Monse\u00f1or Ernesto Giobando s.j., nombrado por el papa Francisco como Obispo Diocesano de Mar del Plata el pasado 12 de diciembre, lleg\u00f3 pasadas las 10 a la Iglesia Catedral acompa\u00f1ado por j\u00f3venes de las distintas comunidades que lo acompa\u00f1aron durante el breve trayecto que separa la Capilla Santa Cecilia -Iglesia fundacional de la ciudad de Mar del Plata- de la Iglesia Catedral. All\u00ed, donde lo esperaba una multitud de fieles, fue recibido formalmente por el padre Ezequiel Kseim, p\u00e1rroco de la Catedral, quien le ofreci\u00f3 un crucifijo para besar y el agua bendita para asperjar al pueblo, tal como se prev\u00e9 en los ritos de recepci\u00f3n de un nuevo Obispo. Luego, tras rezar un momento ante el Sant\u00edsimo Sacramento, dio inicio la Santa Misa en la que tom\u00f3 posesi\u00f3n de su nuevo oficio pastoral.<\/p>\n\n\n\n<p><strong>Autoridades civiles y eclesi\u00e1sticas<\/strong><\/p>\n\n\n\n<p>Se encontraban presentes el gobernador de la provincia de Buenos Aires, Axel Kicillof, quien estuvo acompa\u00f1ado por el Ministro de Gobierno, Carlos Bianco y la Jefa de Asesores, Cristina \u00c1lvarez Rodriguez. Asistieron tambi\u00e9n los intendentes Guillermo Montenegro (Gral. Pueyrredon), Sebasti\u00e1n Ianantuony (Gral. Alvarado) Walter Wischnivetzky (Mar Chiquita) y Marcos Jovanivic (intendente interino de Gral. Madariaga). Asimismo el secretario de Culto de la Naci\u00f3n, Nahuel Sotelo y el subsecretario Agust\u00edn Caulo); el de la provincia, Juan Torreiro; el senador nacional Maximiliano Abad, y legisladores y funcionarios provinciales y municipales formaron tambi\u00e9n parte de las autoridades que se hicieron presentes junto a representantes del \u00e1mbito acad\u00e9mico, sindical, empresarial, del cuerpo consular y de las Fuerzas Armadas y de Seguridad.<\/p>\n\n\n\n<p>La celebraci\u00f3n Eucar\u00edstica fue concelebrada por numerosos sacerdotes y obispos entre los que se destacaban el Nuncio Apost\u00f3lico, monse\u00f1or Miroslaw Adamczyk, los Arzobispos cardenal Angel Sixto Rossi (C\u00f3rdoba), cardenal Mario Poli (em\u00e9rito de Buenos Aires), monse\u00f1or Jorge Garc\u00eda Cuerva (Buenos Aires); monse\u00f1or Juan Alberto Puiggari (Paran\u00e1) y de Bah\u00eda Blanca, monse\u00f1or Carlos Aspiroz Costa. Tambi\u00e9n se encontraban presentes los Obispos monse\u00f1or Antonio Marino (em\u00e9rito de Mar del Plata), monse\u00f1or Dar\u00edo Quintana (Cafayate), monse\u00f1or Dami\u00e1n Nannini (San Miguel), monse\u00f1or Jorge Lugones (Lomas de Zamora), monse\u00f1or Ariel Torrado Mosconi (9 de Julio), monse\u00f1or Hugo Salaberry (Azul), monse\u00f1or Juan Ignacio Li\u00e9bana (Chascom\u00fas), monse\u00f1or Ra\u00fal Mart\u00edn (Santa Rosa), monse\u00f1or Oscar Ojea (em\u00e9rito de San Isidro), monse\u00f1or Luis Stockler (em\u00e9rito de Quilmes), monse\u00f1or Oscar Sarlinga (em\u00e9rito de Z\u00e1rate-Campana), monse\u00f1or Alejandro Giorgi (auxiliar de Buenos Aires), monse\u00f1or Iv\u00e1n Dornelles (auxiliar de Buenos Aires), monse\u00f1or Pedro Cannav\u00f3 (auxiliar de Buenos Aires), monse\u00f1or Alejandro Pardo (auxiliar de Buenos Aires), monse\u00f1or Ra\u00fal Pizarro (auxiliar de San Isidro), monse\u00f1or Alberto Bochatey (auxiliar de La Plata), monse\u00f1or Jorge Gonz\u00e1lez (auxiliar de La Plata), monse\u00f1or Federico Wechsung (auxiliar de La Plata) monse\u00f1or Pedro Fournau (auxiliar de Bah\u00eda Blanca), monse\u00f1or Luis Mart\u00edn (auxiliar de Santa Rosa).<\/p>\n\n\n\n<p><strong>Bula Papal y toma de posesi\u00f3n de la c\u00e1tedra episcopal<\/strong><\/p>\n\n\n\n<p>Ya iniciada la Misa, monse\u00f1or Gustavo Carrara solicit\u00f3 la lectura de la Bula del papa Francisco por la que design\u00f3 a Giobando al frente de la di\u00f3cesis de Mar del Plata, la cual fue acercada por el padre Rom\u00e1n Bustinza. Seguidamente el canciller del Obispado y p\u00e1rroco de la Catedral, padre Ezequiel Kseim, dio lectura al documento pontificio en el que Francisco expresa: \u201ccon el coraz\u00f3n encendido por la nostalgia de nuestra patria celestial, elevamos nuestra mirada a la ciudad feliz, ese puerto bendito donde son acogidas las almas de los disc\u00edpulos de Cristo\u201d y seguidamente dispone \u201cte relevamos de tus responsabilidades en la Sede precedente y del ministerio de Auxiliar, y te nombramos Obispo de Mar del Plata, otorg\u00e1ndote todos los derechos y deberes jur\u00eddicos conforme a las leyes del C\u00f3digo de Derecho Can\u00f3nico.\u201d<\/p>\n\n\n\n<p>Tras la lectura de la Bula Papal monse\u00f1or Carrara le entreg\u00f3 a monse\u00f1or Giobando el b\u00e1culo pastoral y lo invit\u00f3 a sentarse en su c\u00e1tedra, s\u00edmbolo de la autoridad episcopal y lugar desde el cual el Obispo ense\u00f1a el Evangelio, preside las celebraciones lit\u00fargicas y anima la pastoral de la Iglesia particular que se le ha confiado.<\/p>\n\n\n\n<p><strong>El mensaje de Giobando<\/strong><\/p>\n\n\n\n<p>En la homil\u00eda, el flamante Obispo de Mar del Plata manifest\u00f3 que \u201chace un poco m\u00e1s de un a\u00f1o, precisamente trece meses, llegu\u00e9 a esta di\u00f3cesis de Mar del Plata como Administrador Apost\u00f3lico por pedido de la Santa Sede, y hoy, en la fiesta de la C\u00e1tedra de San Pedro asumo como Obispo y Pastor de esta iglesia particular.\u201d \u201cLos invito, como dije en mis primeras homil\u00edas en esta iglesia Catedral, a que contemplemos los dos relieves del altar mayor: a la derecha de ustedes podemos ver la escena de la tempestad calmada, confiemos que a\u00fan en medio de las tormentas el Se\u00f1or siempre est\u00e1, y que de toda crisis salimos mejores o peores, pero no iguales. \u00a1Cu\u00e1ntas veces pasamos por tiempos de tormentas o tempestades! Vivimos en un puerto donde los pescadores saben los peligros y las dificultades de adentrarse en un mar que impone respeto. Superamos las tempestades confiando en el Se\u00f1or, a\u00fan a pesar de nuestra poca fe\u201d, explic\u00f3.<\/p>\n\n\n\n<p>Y prosigui\u00f3 \u201cel otro relieve, a la izquierda, es el de la pesca milagrosa. Durante todo este a\u00f1o pens\u00e9 y rec\u00e9 frente a este mar inmenso, en un lugar que me ten\u00eda reservado el Se\u00f1or, escrutaba el horizonte y miraba las orillas, esperando que el Se\u00f1or me dijera y nos dijera como reba\u00f1o suyo y como Pueblo de Dios: \u201cNaveguen mar adentro y echen las redes\u201d. As\u00ed lo hicieron en aquella ma\u00f1ana, en el mar de Tiber\u00edades, confiando en su palabra, subieron a la barca de Pedro y echaron las redes y fue tal la cantidad de peces que sacaron, que pidieron ayuda a otras barcas. Pedro se postra a los pies del Se\u00f1or y reconoce que es un pecador, pero all\u00ed escucha las palabras que marcar\u00e1n para siempre su misi\u00f3n: \u201cser\u00e1s pescador de hombres\u201d. As\u00ed hoy tambi\u00e9n queremos ir mar adentro, echar nuevamente las redes y pescar a muchos, a quienes tienen deseos de creer y hacer de este mundo una casa com\u00fan, un mundo m\u00e1s justo y solidario.\u201d<\/p>\n\n\n\n<p>Comentando el pasaje del Evangelio que se proclam\u00f3 en el que Jes\u00fas pregunta a sus disc\u00edpulos \u201cY para ustedes \u00bfQui\u00e9n soy yo?\u201d, Giobando explic\u00f3: \u201csi me permiten quisiera compartir con todos ustedes, a partir de hoy, el nuevo reba\u00f1o que debo apacentar, qui\u00e9n es Jes\u00fas para m\u00ed. Es mi Amigo que hace 50 a\u00f1os, en el A\u00f1o Santo de 1975, me llam\u00f3 en las orillas de mi Santa Fe natal. Nos acompa\u00f1a este cuadro de Nuestra Se\u00f1ora de los Milagros, reproducci\u00f3n pintada por mi madrina y que me regalara el d\u00eda en que me ordenaron sacerdote jesuita, all\u00e1 por 1990, en el d\u00eda de los Santos M\u00e1rtires Rioplatenses. Delante de ese cuadro, les dec\u00eda, mis padres me consagraron al poco tiempo de nacer y delante del cual recib\u00ed la vocaci\u00f3n, por eso Ella me acompa\u00f1a todos los d\u00edas y a Ella conf\u00edo mi ministerio y a todos ustedes.\u201d<\/p>\n\n\n\n<p>\u201cJes\u00fas es mi Amigo y es nuestro Salvador y poder anunciarlo, predicando su Evangelio a todas las naciones y pueblos, es la tarea m\u00e1s hermosa que me haya podido tocar. Poder hablar de \u00c9l, poder perdonar por \u00c9l, poder celebrar la Eucarist\u00eda con \u00c9l, es la mayor riqueza y el mayor consuelo, no soy digno de semejante regalo, pero aqu\u00ed estoy, aqu\u00ed estamos para cumplir su sant\u00edsima voluntad\u201d, asever\u00f3.<\/p>\n\n\n\n<p>Seguidamente destac\u00f3 que \u201cla C\u00e1tedra de Pedro es la silla donde se sienta el Papa y en comuni\u00f3n con \u00e9l es la silla donde se sienta el Obispo, precisamente ubicada aqu\u00ed debajo de estos dos relieves. La barca y la c\u00e1tedra de Pedro no ser\u00edan m\u00e1s que unas cuantas maderas si el Se\u00f1or no estuviera junto a Pedro y junto a nosotros. Subamos a esa barca \u201ccum Petro et sub Petro\u201d, con Pedro y bajo Pedro. Nadie est\u00e1 obligado a subir, pero los que quieran hacerlo, una vez arriba hay que remar juntos, trabajar juntos, rezar juntos, confiar juntos, sufrir y alegrarnos juntos y que podamos dar una mano al que se hunde, como la escultura que vemos cuando llegamos a Mar del Plata (en la rotonda de Luro y Champagnat).\u201d<\/p>\n\n\n\n<p>\u201cLa Iglesia, hoy pastoreada por el Papa Francisco, me conf\u00eda el tim\u00f3n de esta comunidad, en una barca que no es m\u00eda, ni las redes son m\u00edas, ni esta c\u00e1tedra es m\u00eda. Como los talentos confiados, como las ovejas de este reba\u00f1o, como los sacerdotes, di\u00e1conos y seminaristas, como las consagradas y consagrados, como los docentes, alumnos y familias de nuestros colegios, como las parroquias y movimientos: no son m\u00edos, no los puedo poseer y manejar a mi arbitrio, no son m\u00edos, yo soy de ustedes y juntos somos servidores de Dios\u201d, afirm\u00f3 Giobando.<\/p>\n\n\n\n<p>Finalmente, pidi\u00f3 que \u201cMar\u00eda Sant\u00edsima nos lleve de su mano, que San Pedro y Santa Cecilia intercedan por nosotros, que Santa Mama Antula y el Santo Cura Brochero nos ayuden a fomentar los Ejercicios Espirituales y que juntos podamos peregrinar con una renovada esperanza.\u201d<\/p>\n\n\n\n<figure class=\"wp-block-image size-large\"><img loading=\"lazy\" width=\"1024\" height=\"768\" src=\"https:\/\/www.obispado-mdp.org.ar\/a\/wp-content\/uploads\/2025\/02\/WhatsApp-Image-2025-02-22-at-9.58.28-AM-1024x768.jpeg\" alt=\"\" class=\"wp-image-45622\"\/><\/figure>\n\n\n\n<figure class=\"wp-block-image size-large\"><img loading=\"lazy\" width=\"1024\" height=\"768\" src=\"https:\/\/www.obispado-mdp.org.ar\/a\/wp-content\/uploads\/2025\/02\/WhatsApp-Image-2025-02-22-at-2.23.58-PM-1024x768.jpeg\" alt=\"\" class=\"wp-image-45623\"\/><\/figure>\n\n\n\n<figure class=\"wp-block-image size-large\"><img loading=\"lazy\" width=\"1024\" height=\"768\" src=\"https:\/\/www.obispado-mdp.org.ar\/a\/wp-content\/uploads\/2025\/02\/WhatsApp-Image-2025-02-22-at-2.23.59-PM-1-1024x768.jpeg\" alt=\"\" class=\"wp-image-45624\"\/><\/figure>\n\n\n\n<figure class=\"wp-block-image size-large\"><img loading=\"lazy\" width=\"1024\" height=\"768\" src=\"https:\/\/www.obispado-mdp.org.ar\/a\/wp-content\/uploads\/2025\/02\/WhatsApp-Image-2025-02-22-at-2.23.59-PM-2-1024x768.jpeg\" alt=\"\" class=\"wp-image-45625\"\/><\/figure>\n\n\n\n<figure class=\"wp-block-image size-large\"><img loading=\"lazy\" width=\"1024\" height=\"768\" src=\"https:\/\/www.obispado-mdp.org.ar\/a\/wp-content\/uploads\/2025\/02\/WhatsApp-Image-2025-02-22-at-2.23.59-PM-3-1024x768.jpeg\" alt=\"\" class=\"wp-image-45626\"\/><\/figure>\n\n\n\n<figure class=\"wp-block-image size-large\"><img loading=\"lazy\" width=\"1024\" height=\"768\" src=\"https:\/\/www.obispado-mdp.org.ar\/a\/wp-content\/uploads\/2025\/02\/WhatsApp-Image-2025-02-22-at-2.23.59-PM-4-1024x768.jpeg\" alt=\"\" class=\"wp-image-45627\"\/><\/figure>\n\n\n\n<figure class=\"wp-block-image size-large\"><img loading=\"lazy\" width=\"1024\" height=\"768\" src=\"https:\/\/www.obispado-mdp.org.ar\/a\/wp-content\/uploads\/2025\/02\/WhatsApp-Image-2025-02-22-at-2.23.59-PM-5-1024x768.jpeg\" alt=\"\" class=\"wp-image-45628\"\/><\/figure>\n\n\n\n<figure class=\"wp-block-image size-large\"><img loading=\"lazy\" width=\"1024\" height=\"768\" src=\"https:\/\/www.obispado-mdp.org.ar\/a\/wp-content\/uploads\/2025\/02\/WhatsApp-Image-2025-02-22-at-2.24.00-PM-1024x768.jpeg\" alt=\"\" class=\"wp-image-45629\"\/><\/figure>\n\n\n\n<figure class=\"wp-block-image\"><img alt=\"\"\/><\/figure>\n","protected":false},"excerpt":{"rendered":"<p>En una festiva celebraci\u00f3n, la di\u00f3cesis de Mar del Plata recibi\u00f3 este s\u00e1bado 22 a quien desde ahora es su nuevo Obispo. Monse\u00f1or Ernesto Giobando s.j., nombrado por el papa Francisco como Obispo Diocesano de Mar del Plata el pasado 12 de diciembre, lleg\u00f3 pasadas las 10 a la Iglesia Catedral acompa\u00f1ado por j\u00f3venes de [&hellip;]<\/p>\n","protected":false},"author":4,"featured_media":0,"comment_status":"open","ping_status":"open","sticky":false,"template":"","format":"standard","meta":{"_et_pb_use_builder":"","_et_pb_old_content":"","_et_gb_content_width":""},"categories":[4],"tags":[],"aioseo_notices":[],"_links":{"self":[{"href":"https:\/\/www.obispado-mdp.org.ar\/a\/wp-json\/wp\/v2\/posts\/45621"}],"collection":[{"href":"https:\/\/www.obispado-mdp.org.ar\/a\/wp-json\/wp\/v2\/posts"}],"about":[{"href":"https:\/\/www.obispado-mdp.org.ar\/a\/wp-json\/wp\/v2\/types\/post"}],"author":[{"embeddable":true,"href":"https:\/\/www.obispado-mdp.org.ar\/a\/wp-json\/wp\/v2\/users\/4"}],"replies":[{"embeddable":true,"href":"https:\/\/www.obispado-mdp.org.ar\/a\/wp-json\/wp\/v2\/comments?post=45621"}],"version-history":[{"count":1,"href":"https:\/\/www.obispado-mdp.org.ar\/a\/wp-json\/wp\/v2\/posts\/45621\/revisions"}],"predecessor-version":[{"id":45630,"href":"https:\/\/www.obispado-mdp.org.ar\/a\/wp-json\/wp\/v2\/posts\/45621\/revisions\/45630"}],"wp:attachment":[{"href":"https:\/\/www.obispado-mdp.org.ar\/a\/wp-json\/wp\/v2\/media?parent=45621"}],"wp:term":[{"taxonomy":"category","embeddable":true,"href":"https:\/\/www.obispado-mdp.org.ar\/a\/wp-json\/wp\/v2\/categories?post=45621"},{"taxonomy":"post_tag","embeddable":true,"href":"https:\/\/www.obispado-mdp.org.ar\/a\/wp-json\/wp\/v2\/tags?post=45621"}],"curies":[{"name":"wp","href":"https:\/\/api.w.org\/{rel}","templated":true}]}}