{"id":45631,"date":"2025-02-24T13:02:05","date_gmt":"2025-02-24T16:02:05","guid":{"rendered":"https:\/\/www.obispado-mdp.org.ar\/a\/?p=45631"},"modified":"2025-02-24T13:19:27","modified_gmt":"2025-02-24T16:19:27","slug":"el-padre-hernan-david-es-el-nuevo-vicario-general-de-la-diocesis-de-mar-del-plata","status":"publish","type":"post","link":"https:\/\/www.obispado-mdp.org.ar\/a\/el-padre-hernan-david-es-el-nuevo-vicario-general-de-la-diocesis-de-mar-del-plata\/","title":{"rendered":"El padre Hern\u00e1n David es el nuevo Vicario General de la Di\u00f3cesis de Mar del Plata"},"content":{"rendered":"\n<p><em>Monse\u00f1or Ernesto Giobando sj design\u00f3 al padre Hern\u00e1n David como Vicario General de la Di\u00f3cesis de Mar del Plata y constituy\u00f3 un Consejo Episcopal<\/em><\/p>\n\n\n\n<p>Tras su asunci\u00f3n el pasado s\u00e1bado 22, el flamante obispo de Mar del Plata, monse\u00f1or Ernesto Giobando sj, firm\u00f3 este lunes la disposici\u00f3n que designa al nuevo Vicario General de la di\u00f3cesis. Se trata del presb\u00edtero Hern\u00e1n David, quien actualmente se desempe\u00f1a como p\u00e1rroco de Santa Rita y entre otros oficios es vicepresidente de C\u00e1ritas Diocesana, funciones que continuar\u00e1 desempe\u00f1ando en conjunto con la nueva misi\u00f3n encomendada.<\/p>\n\n\n\n<p>El padre Hern\u00e1n, de 59 a\u00f1os fue ordenado sacerdote en 1991 y desde entonces desempe\u00f1\u00f3 distintas tareas en la di\u00f3cesis local. Fue p\u00e1rroco en Medalla Milagrosa (Mar del Plata), Santa Mar\u00eda del Carmen (Necochea), Sagrada Familia (Mar del Plata) y Nuestra Se\u00f1ora de F\u00e1tima (San Manuel).<\/p>\n\n\n\n<p>Del Vicario General se establece en el Derecho Can\u00f3nico que \u201cen virtud de su oficio, le compete en toda la di\u00f3cesis la potestad ejecutiva que corresponde por derecho al Obispo diocesano, para realizar cualquier tipo de actos administrativos, exceptuados, sin embargo, aquellos que el Obispo se hubiera reservado o que, seg\u00fan el derecho, requieran mandato especial del Obispo.\u201d<\/p>\n\n\n\n<p>Se prev\u00e9 que en los pr\u00f3ximos d\u00edas el padre Hern\u00e1n preste el juramento de rigor en la curia diocesana quedando de esa manera en funciones para esta nueva tarea pastoral.<\/p>\n\n\n\n<p><\/p>\n\n\n\n<p><strong>Otros nombramientos en la curia diocesana<\/strong><\/p>\n\n\n\n<p><br>Asimismo, monse\u00f1or Giobando design\u00f3 al padre Ariel Sueiro como Vicario Episcopal para Asuntos Econ\u00f3micos, teniendo a su cargo acompa\u00f1ar la gesti\u00f3n del Ec\u00f3nomo Diocesano y del Consejo de Asuntos Econ\u00f3micos representando al Obispo, como as\u00ed tambi\u00e9n en todo lo concerniente a la administraci\u00f3n de los bienes eclesi\u00e1sticos. Tambi\u00e9n el Obispo design\u00f3 al presb\u00edtero Juan Cruz Mennilli, hasta ahora delegado episcopal de Educaci\u00f3n, como Vicario de Educaci\u00f3n y al presb\u00edtero Luciano Alzueta como Vicecanciller.<\/p>\n\n\n\n<p>Finalmente, dispuso la creaci\u00f3n de un Consejo Episcopal que, presidido por el Obispo, estar\u00e1 conformado por el Vicario General; los flamantes Vicarios Episcopales de Educaci\u00f3n y de Asuntos Econ\u00f3micos; el Vicario Judicial, presb\u00edtero Fabi\u00e1n Yanes, y el Canciller, presb\u00edtero Ezequiel Kseim, quien adem\u00e1s ser\u00e1 Moderador de la Curia Diocesana.<\/p>\n\n\n\n<p>La funci\u00f3n de este Consejo, es acompa\u00f1ar al Obispo en el discernimiento ordinario de los asuntos diocesanos, creando as\u00ed un nuevo espacio sinodal para el gobierno pastoral.<\/p>\n\n\n\n<p><\/p>\n\n\n\n<figure class=\"wp-block-image size-full\"><img loading=\"lazy\" width=\"940\" height=\"788\" src=\"https:\/\/www.obispado-mdp.org.ar\/a\/wp-content\/uploads\/2025\/02\/Diocesis-de-Mar-del-Plata.png\" alt=\"\" class=\"wp-image-45632\"\/><\/figure>\n\n\n\n<figure class=\"wp-block-image size-full\"><img loading=\"lazy\" width=\"940\" height=\"788\" src=\"https:\/\/www.obispado-mdp.org.ar\/a\/wp-content\/uploads\/2025\/02\/Diocesis-de-Mar-del-Plata-1.png\" alt=\"\" class=\"wp-image-45633\"\/><\/figure>\n","protected":false},"excerpt":{"rendered":"<p>Monse\u00f1or Ernesto Giobando sj design\u00f3 al padre Hern\u00e1n David como Vicario General de la Di\u00f3cesis de Mar del Plata y constituy\u00f3 un Consejo Episcopal Tras su asunci\u00f3n el pasado s\u00e1bado 22, el flamante obispo de Mar del Plata, monse\u00f1or Ernesto Giobando sj, firm\u00f3 este lunes la disposici\u00f3n que designa al nuevo Vicario General de la [&hellip;]<\/p>\n","protected":false},"author":4,"featured_media":0,"comment_status":"open","ping_status":"open","sticky":false,"template":"","format":"standard","meta":{"_et_pb_use_builder":"","_et_pb_old_content":"","_et_gb_content_width":""},"categories":[4],"tags":[],"aioseo_notices":[],"_links":{"self":[{"href":"https:\/\/www.obispado-mdp.org.ar\/a\/wp-json\/wp\/v2\/posts\/45631"}],"collection":[{"href":"https:\/\/www.obispado-mdp.org.ar\/a\/wp-json\/wp\/v2\/posts"}],"about":[{"href":"https:\/\/www.obispado-mdp.org.ar\/a\/wp-json\/wp\/v2\/types\/post"}],"author":[{"embeddable":true,"href":"https:\/\/www.obispado-mdp.org.ar\/a\/wp-json\/wp\/v2\/users\/4"}],"replies":[{"embeddable":true,"href":"https:\/\/www.obispado-mdp.org.ar\/a\/wp-json\/wp\/v2\/comments?post=45631"}],"version-history":[{"count":5,"href":"https:\/\/www.obispado-mdp.org.ar\/a\/wp-json\/wp\/v2\/posts\/45631\/revisions"}],"predecessor-version":[{"id":45638,"href":"https:\/\/www.obispado-mdp.org.ar\/a\/wp-json\/wp\/v2\/posts\/45631\/revisions\/45638"}],"wp:attachment":[{"href":"https:\/\/www.obispado-mdp.org.ar\/a\/wp-json\/wp\/v2\/media?parent=45631"}],"wp:term":[{"taxonomy":"category","embeddable":true,"href":"https:\/\/www.obispado-mdp.org.ar\/a\/wp-json\/wp\/v2\/categories?post=45631"},{"taxonomy":"post_tag","embeddable":true,"href":"https:\/\/www.obispado-mdp.org.ar\/a\/wp-json\/wp\/v2\/tags?post=45631"}],"curies":[{"name":"wp","href":"https:\/\/api.w.org\/{rel}","templated":true}]}}