{"id":45639,"date":"2025-02-24T19:57:25","date_gmt":"2025-02-24T22:57:25","guid":{"rendered":"https:\/\/www.obispado-mdp.org.ar\/a\/?p=45639"},"modified":"2025-02-24T20:01:32","modified_gmt":"2025-02-24T23:01:32","slug":"el-padre-pablo-bosisio-asumio-su-nueva-tarea-pastoral-en-necochea","status":"publish","type":"post","link":"https:\/\/www.obispado-mdp.org.ar\/a\/el-padre-pablo-bosisio-asumio-su-nueva-tarea-pastoral-en-necochea\/","title":{"rendered":"El padre Pablo Bosisio asumi\u00f3 su nueva tarea pastoral en Necochea"},"content":{"rendered":"\n<p>Durante la Misa que nuestro obispo Ernesto Giobando sj presidi\u00f3 este domingo en la parroquia Santa Mar\u00eda del Carmen, de Necochea, el padre Pablo Bosisio asumi\u00f3 como p\u00e1rroco. La misma fue concelebrada por el p\u00e1rroco saliente, padre Fernando Mendoza, entre otros sacerdotes.<\/p>\n\n\n\n<p>El nuevo P\u00e1rroco, oriundo de Villa Gesell, era hasta ahora p\u00e1rroco de esa localidad y ahora tendr\u00e1 a su cargo las parroquias Santa Mar\u00eda del Carmen y Nuestra Se\u00f1ora del Rosario de Pompeya, ambas de Necochea.<\/p>\n\n\n\n<p>Monse\u00f1or Giobando invit\u00f3 a \u201cdar gracias al Se\u00f1or que nos llam\u00f3\u201d y a \u201cgastarnos y desgastarnos en el anuncio del mensaje del Reino de Dios.\u201d \u201cNo hay mensaje m\u00e1s lindo que anunciar que Dios pasa por nuestras vidas\u201d, enfatiz\u00f3.<\/p>\n\n\n\n<p>Refiri\u00e9ndose al flamante P\u00e1rroco, el Obispo destac\u00f3 que \u201csu impronta es la misi\u00f3n, que es un don que el Se\u00f1or le dio y que lo hace ir a buscar a quienes el Se\u00f1or quiere traer.\u201d \u201cLa misi\u00f3n necesita obreros. Si bien en el campo la cosecha es con m\u00e1quinas, en el Reino de Dios el trabajo es manual, artesanal, casa por casa\u201d, explic\u00f3.<\/p>\n\n\n\n<p>Respecto del Evangelio, afirm\u00f3 que \u201csin duda que es exigente pedir que amemos a los enemigos o que hagamos el bien a los que nos odian, pero si queremos ser felices tenemos que cumplir esta segunda parte de las bienaventuranzas.\u201d Y pidi\u00f3 al padre Pablo \u201cque la invitaci\u00f3n de Jes\u00fas a ser misericordiosos te siga forjando como sacerdote, ya que la misericordia divina constituye el ser de Dios y de nuestro ser cristianos.\u201d<\/p>\n\n\n\n<p>Finalmente el padre Bosisio manifest\u00f3 su deseo de \u201cabrir el coraz\u00f3n para recibir el amor de Dios en esta comunidad y compartirlo a los dem\u00e1s\u201d a la vez que se comprometi\u00f3 a \u201ccaminar especialmente detr\u00e1s del reba\u00f1o para que ninguno se pierda y podemos todos caminar juntos.\u201d<\/p>\n\n\n\n<figure class=\"wp-block-image size-full\"><img loading=\"lazy\" width=\"940\" height=\"788\" src=\"https:\/\/www.obispado-mdp.org.ar\/a\/wp-content\/uploads\/2025\/02\/Diocesis-de-Mar-del-Plata-2.png\" alt=\"\" class=\"wp-image-45647\"\/><\/figure>\n\n\n\n<figure class=\"wp-block-image size-large is-resized\"><img loading=\"lazy\" src=\"https:\/\/www.obispado-mdp.org.ar\/a\/wp-content\/uploads\/2025\/02\/WhatsApp-Image-2025-02-24-at-3.38.15-PM-576x1024.jpeg\" alt=\"\" class=\"wp-image-45642\" width=\"818\" height=\"1454\"\/><\/figure>\n\n\n\n<figure class=\"wp-block-image size-large is-resized\"><img loading=\"lazy\" src=\"https:\/\/www.obispado-mdp.org.ar\/a\/wp-content\/uploads\/2025\/02\/WhatsApp-Image-2025-02-24-at-3.38.18-PM-768x1024.jpeg\" alt=\"\" class=\"wp-image-45641\" width=\"825\" height=\"1100\"\/><\/figure>\n\n\n\n<figure class=\"wp-block-image size-large is-resized\"><img loading=\"lazy\" src=\"https:\/\/www.obispado-mdp.org.ar\/a\/wp-content\/uploads\/2025\/02\/WhatsApp-Image-2025-02-24-at-3.38.20-PM-768x1024.jpeg\" alt=\"\" class=\"wp-image-45643\" width=\"822\" height=\"1096\"\/><\/figure>\n\n\n\n<figure class=\"wp-block-image size-large is-resized\"><img loading=\"lazy\" src=\"https:\/\/www.obispado-mdp.org.ar\/a\/wp-content\/uploads\/2025\/02\/WhatsApp-Image-2025-02-24-at-3.38.17-PM-768x1024.jpeg\" alt=\"\" class=\"wp-image-45644\" width=\"825\" height=\"1100\"\/><\/figure>\n\n\n\n<figure class=\"wp-block-image size-large\"><img loading=\"lazy\" width=\"768\" height=\"1024\" src=\"https:\/\/www.obispado-mdp.org.ar\/a\/wp-content\/uploads\/2025\/02\/WhatsApp-Image-2025-02-24-at-3.38.19-PM-1-768x1024.jpeg\" alt=\"\" class=\"wp-image-45645\"\/><\/figure>\n","protected":false},"excerpt":{"rendered":"<p>Durante la Misa que nuestro obispo Ernesto Giobando sj presidi\u00f3 este domingo en la parroquia Santa Mar\u00eda del Carmen, de Necochea, el padre Pablo Bosisio asumi\u00f3 como p\u00e1rroco. La misma fue concelebrada por el p\u00e1rroco saliente, padre Fernando Mendoza, entre otros sacerdotes. El nuevo P\u00e1rroco, oriundo de Villa Gesell, era hasta ahora p\u00e1rroco de esa [&hellip;]<\/p>\n","protected":false},"author":4,"featured_media":0,"comment_status":"open","ping_status":"open","sticky":false,"template":"","format":"standard","meta":{"_et_pb_use_builder":"","_et_pb_old_content":"","_et_gb_content_width":""},"categories":[4],"tags":[],"aioseo_notices":[],"_links":{"self":[{"href":"https:\/\/www.obispado-mdp.org.ar\/a\/wp-json\/wp\/v2\/posts\/45639"}],"collection":[{"href":"https:\/\/www.obispado-mdp.org.ar\/a\/wp-json\/wp\/v2\/posts"}],"about":[{"href":"https:\/\/www.obispado-mdp.org.ar\/a\/wp-json\/wp\/v2\/types\/post"}],"author":[{"embeddable":true,"href":"https:\/\/www.obispado-mdp.org.ar\/a\/wp-json\/wp\/v2\/users\/4"}],"replies":[{"embeddable":true,"href":"https:\/\/www.obispado-mdp.org.ar\/a\/wp-json\/wp\/v2\/comments?post=45639"}],"version-history":[{"count":2,"href":"https:\/\/www.obispado-mdp.org.ar\/a\/wp-json\/wp\/v2\/posts\/45639\/revisions"}],"predecessor-version":[{"id":45648,"href":"https:\/\/www.obispado-mdp.org.ar\/a\/wp-json\/wp\/v2\/posts\/45639\/revisions\/45648"}],"wp:attachment":[{"href":"https:\/\/www.obispado-mdp.org.ar\/a\/wp-json\/wp\/v2\/media?parent=45639"}],"wp:term":[{"taxonomy":"category","embeddable":true,"href":"https:\/\/www.obispado-mdp.org.ar\/a\/wp-json\/wp\/v2\/categories?post=45639"},{"taxonomy":"post_tag","embeddable":true,"href":"https:\/\/www.obispado-mdp.org.ar\/a\/wp-json\/wp\/v2\/tags?post=45639"}],"curies":[{"name":"wp","href":"https:\/\/api.w.org\/{rel}","templated":true}]}}