{"id":45720,"date":"2025-02-27T09:18:16","date_gmt":"2025-02-27T12:18:16","guid":{"rendered":"https:\/\/www.obispado-mdp.org.ar\/a\/?p=45720"},"modified":"2025-02-27T09:56:07","modified_gmt":"2025-02-27T12:56:07","slug":"el-p-tomas-de-la-riva-asumio-como-parroco-en-villa-gesell%ef%bf%bc","status":"publish","type":"post","link":"https:\/\/www.obispado-mdp.org.ar\/a\/el-p-tomas-de-la-riva-asumio-como-parroco-en-villa-gesell%ef%bf%bc\/","title":{"rendered":"El P.Tom\u00e1s de la Riva asumi\u00f3 como p\u00e1rroco de Villa Gesell"},"content":{"rendered":"\n<p>En una Misa presidida este lunes 24 por el obispo Ernesto Giobando sj., el padre Tom\u00e1s asumi\u00f3 como p\u00e1rroco de la Inmaculada Concepci\u00f3n, en la localidad de Villa Gesell. La Misa fue concelebrada por varios sacerdotes -entre ellos el p\u00e1rroco anterior padre Pablo Bosisio- mientras que numerosos fieles colmaron el templo y acompa\u00f1aron de esta manera la asunci\u00f3n de su nuevo pastor. El intendente de ese distrito, Gustavo Barrera, particip\u00f3 tambi\u00e9n de la celebraci\u00f3n.&nbsp;<\/p>\n\n\n\n<p>Tras la lectura por parte del di\u00e1cono Marcelo Benavidez del decreto de nombramiento, el padre Tom\u00e1s roci\u00f3 a la asamblea con agua bendita, como signo de ser pueblo de bautizados.&nbsp;<\/p>\n\n\n\n<p>El Obispo destac\u00f3 que \u201cGesell es una comunidad grande y diversa: son 11 comunidades, la escuela, y tantos \u00e1mbitos que el padre Tom\u00e1s tendr\u00e1 que acompa\u00f1ar como as\u00ed tambi\u00e9n miles de casas y de familias a las que como comunidad que ahora acompa\u00f1a como p\u00e1rroco tienen la misi\u00f3n de visitar para acercarlos a Jes\u00fas.\u201d<\/p>\n\n\n\n<p>Luego de la homil\u00eda del Obispo tuvo lugar el juramento can\u00f3nico del nuevo P\u00e1rroco y seguidamente representantes de la comunidad parroquial presentaron los Santos \u00d3leos junto con las ofrendas, significando as\u00ed la misi\u00f3n de santificar que el p\u00e1rroco asume en esta nueva Parroquia.&nbsp;<\/p>\n\n\n\n<p>Finalizando la celebraci\u00f3n, Guillermo Brown dio unas palabras de bienvenida al padre Tom\u00e1s, quien luego agradeci\u00f3 el recibimiento y expres\u00f3 su deseo de conocer y caminar junto a la comunidad de la mano de Mar\u00eda, a quien encomend\u00f3 su ministerio rezando junto a los presentes una oraci\u00f3n a la Inmaculada, compuesta por el papa Francisco.&nbsp;<\/p>\n\n\n\n<figure class=\"wp-block-image size-large\"><img loading=\"lazy\" width=\"768\" height=\"1024\" src=\"https:\/\/www.obispado-mdp.org.ar\/a\/wp-content\/uploads\/2025\/02\/WhatsApp-Image-2025-02-27-at-8.06.18-AM-768x1024.jpeg\" alt=\"\" class=\"wp-image-45721\"\/><\/figure>\n\n\n\n<figure class=\"wp-block-image size-large is-resized\"><img loading=\"lazy\" src=\"https:\/\/www.obispado-mdp.org.ar\/a\/wp-content\/uploads\/2025\/02\/WhatsApp-Image-2025-02-27-at-8.06.19-AM-2-1024x768.jpeg\" alt=\"\" class=\"wp-image-45722\" width=\"773\" height=\"579\"\/><\/figure>\n\n\n\n<figure class=\"wp-block-image size-large\"><img loading=\"lazy\" width=\"768\" height=\"1024\" src=\"https:\/\/www.obispado-mdp.org.ar\/a\/wp-content\/uploads\/2025\/02\/WhatsApp-Image-2025-02-27-at-8.06.20-AM-768x1024.jpeg\" alt=\"\" class=\"wp-image-45723\"\/><\/figure>\n\n\n\n<figure class=\"wp-block-image size-large\"><img loading=\"lazy\" width=\"1024\" height=\"768\" src=\"https:\/\/www.obispado-mdp.org.ar\/a\/wp-content\/uploads\/2025\/02\/WhatsApp-Image-2025-02-27-at-8.06.19-AM-1-1024x768.jpeg\" alt=\"\" class=\"wp-image-45724\"\/><\/figure>\n","protected":false},"excerpt":{"rendered":"<p>En una Misa presidida este lunes 24 por el obispo Ernesto Giobando sj., el padre Tom\u00e1s asumi\u00f3 como p\u00e1rroco de la Inmaculada Concepci\u00f3n, en la localidad de Villa Gesell. La Misa fue concelebrada por varios sacerdotes -entre ellos el p\u00e1rroco anterior padre Pablo Bosisio- mientras que numerosos fieles colmaron el templo y acompa\u00f1aron de esta [&hellip;]<\/p>\n","protected":false},"author":4,"featured_media":0,"comment_status":"open","ping_status":"open","sticky":false,"template":"","format":"standard","meta":{"_et_pb_use_builder":"","_et_pb_old_content":"","_et_gb_content_width":""},"categories":[4],"tags":[],"aioseo_notices":[],"_links":{"self":[{"href":"https:\/\/www.obispado-mdp.org.ar\/a\/wp-json\/wp\/v2\/posts\/45720"}],"collection":[{"href":"https:\/\/www.obispado-mdp.org.ar\/a\/wp-json\/wp\/v2\/posts"}],"about":[{"href":"https:\/\/www.obispado-mdp.org.ar\/a\/wp-json\/wp\/v2\/types\/post"}],"author":[{"embeddable":true,"href":"https:\/\/www.obispado-mdp.org.ar\/a\/wp-json\/wp\/v2\/users\/4"}],"replies":[{"embeddable":true,"href":"https:\/\/www.obispado-mdp.org.ar\/a\/wp-json\/wp\/v2\/comments?post=45720"}],"version-history":[{"count":5,"href":"https:\/\/www.obispado-mdp.org.ar\/a\/wp-json\/wp\/v2\/posts\/45720\/revisions"}],"predecessor-version":[{"id":45737,"href":"https:\/\/www.obispado-mdp.org.ar\/a\/wp-json\/wp\/v2\/posts\/45720\/revisions\/45737"}],"wp:attachment":[{"href":"https:\/\/www.obispado-mdp.org.ar\/a\/wp-json\/wp\/v2\/media?parent=45720"}],"wp:term":[{"taxonomy":"category","embeddable":true,"href":"https:\/\/www.obispado-mdp.org.ar\/a\/wp-json\/wp\/v2\/categories?post=45720"},{"taxonomy":"post_tag","embeddable":true,"href":"https:\/\/www.obispado-mdp.org.ar\/a\/wp-json\/wp\/v2\/tags?post=45720"}],"curies":[{"name":"wp","href":"https:\/\/api.w.org\/{rel}","templated":true}]}}