{"id":45726,"date":"2025-02-27T09:20:21","date_gmt":"2025-02-27T12:20:21","guid":{"rendered":"https:\/\/www.obispado-mdp.org.ar\/a\/?p=45726"},"modified":"2025-02-27T09:20:22","modified_gmt":"2025-02-27T12:20:22","slug":"el-obispo-participo-del-acto-por-el-19-aniversario-de-la-unidad-penal-50","status":"publish","type":"post","link":"https:\/\/www.obispado-mdp.org.ar\/a\/el-obispo-participo-del-acto-por-el-19-aniversario-de-la-unidad-penal-50\/","title":{"rendered":"<strong>El Obispo particip\u00f3 del acto por el 19 Aniversario de la Unidad Penal 50<\/strong>"},"content":{"rendered":"\n<p>Monse\u00f1or Ernesto Giobando sj. particip\u00f3 este mi\u00e9rcoles de los actos llevados a cabo en la Unidad Penal 50, del Complejo Penitenciario de Bat\u00e1n, en el 19 aniversario de su fundaci\u00f3n. Acompa\u00f1ado por el capell\u00e1n, presb\u00edtero Daniel Climente, bendijo una placa recordatoria e insignias para el personal del Servicio Penitenciario. En su breve mensaje anim\u00f3 a vivir en la esperanza y a asumir con actitud de servicio la misi\u00f3n encomendada.&nbsp;<\/p>\n\n\n\n<p>Seguidamente comparti\u00f3 del lunch junto a los Jefes y el personal del Servicio donde pudo conversar e interiorizarse sobre el funcionamiento de la Unidad, en la que la Pastoral de la Iglesia se hace presente con un acompa\u00f1amiento cercano.&nbsp;<\/p>\n\n\n\n<figure class=\"wp-block-image size-large\"><img loading=\"lazy\" width=\"1024\" height=\"683\" src=\"https:\/\/www.obispado-mdp.org.ar\/a\/wp-content\/uploads\/2025\/02\/WhatsApp-Image-2025-02-27-at-8.20.14-AM-1024x683.jpeg\" alt=\"\" class=\"wp-image-45727\"\/><\/figure>\n\n\n\n<figure class=\"wp-block-image size-large\"><img loading=\"lazy\" width=\"1024\" height=\"683\" src=\"https:\/\/www.obispado-mdp.org.ar\/a\/wp-content\/uploads\/2025\/02\/WhatsApp-Image-2025-02-27-at-8.20.15-AM-1-1024x683.jpeg\" alt=\"\" class=\"wp-image-45728\"\/><\/figure>\n\n\n\n<figure class=\"wp-block-image size-large\"><img loading=\"lazy\" width=\"1024\" height=\"683\" src=\"https:\/\/www.obispado-mdp.org.ar\/a\/wp-content\/uploads\/2025\/02\/WhatsApp-Image-2025-02-27-at-8.20.15-AM-1024x683.jpeg\" alt=\"\" class=\"wp-image-45729\"\/><\/figure>\n\n\n\n<figure class=\"wp-block-image size-large is-resized\"><img loading=\"lazy\" src=\"https:\/\/www.obispado-mdp.org.ar\/a\/wp-content\/uploads\/2025\/02\/WhatsApp-Image-2025-02-27-at-8.20.14-AM-1-683x1024.jpeg\" alt=\"\" class=\"wp-image-45730\" width=\"819\" height=\"1228\"\/><\/figure>\n","protected":false},"excerpt":{"rendered":"<p>Monse\u00f1or Ernesto Giobando sj. particip\u00f3 este mi\u00e9rcoles de los actos llevados a cabo en la Unidad Penal 50, del Complejo Penitenciario de Bat\u00e1n, en el 19 aniversario de su fundaci\u00f3n. Acompa\u00f1ado por el capell\u00e1n, presb\u00edtero Daniel Climente, bendijo una placa recordatoria e insignias para el personal del Servicio Penitenciario. En su breve mensaje anim\u00f3 a [&hellip;]<\/p>\n","protected":false},"author":4,"featured_media":0,"comment_status":"open","ping_status":"open","sticky":false,"template":"","format":"standard","meta":{"_et_pb_use_builder":"","_et_pb_old_content":"","_et_gb_content_width":""},"categories":[4],"tags":[],"aioseo_notices":[],"_links":{"self":[{"href":"https:\/\/www.obispado-mdp.org.ar\/a\/wp-json\/wp\/v2\/posts\/45726"}],"collection":[{"href":"https:\/\/www.obispado-mdp.org.ar\/a\/wp-json\/wp\/v2\/posts"}],"about":[{"href":"https:\/\/www.obispado-mdp.org.ar\/a\/wp-json\/wp\/v2\/types\/post"}],"author":[{"embeddable":true,"href":"https:\/\/www.obispado-mdp.org.ar\/a\/wp-json\/wp\/v2\/users\/4"}],"replies":[{"embeddable":true,"href":"https:\/\/www.obispado-mdp.org.ar\/a\/wp-json\/wp\/v2\/comments?post=45726"}],"version-history":[{"count":1,"href":"https:\/\/www.obispado-mdp.org.ar\/a\/wp-json\/wp\/v2\/posts\/45726\/revisions"}],"predecessor-version":[{"id":45731,"href":"https:\/\/www.obispado-mdp.org.ar\/a\/wp-json\/wp\/v2\/posts\/45726\/revisions\/45731"}],"wp:attachment":[{"href":"https:\/\/www.obispado-mdp.org.ar\/a\/wp-json\/wp\/v2\/media?parent=45726"}],"wp:term":[{"taxonomy":"category","embeddable":true,"href":"https:\/\/www.obispado-mdp.org.ar\/a\/wp-json\/wp\/v2\/categories?post=45726"},{"taxonomy":"post_tag","embeddable":true,"href":"https:\/\/www.obispado-mdp.org.ar\/a\/wp-json\/wp\/v2\/tags?post=45726"}],"curies":[{"name":"wp","href":"https:\/\/api.w.org\/{rel}","templated":true}]}}