{"id":45738,"date":"2025-02-28T09:30:52","date_gmt":"2025-02-28T12:30:52","guid":{"rendered":"https:\/\/www.obispado-mdp.org.ar\/a\/?p=45738"},"modified":"2025-02-28T13:35:24","modified_gmt":"2025-02-28T16:35:24","slug":"representantes-legales-de-escuelas-participan-de-ejercicios-espirituales-junto-a-mons-ernesto","status":"publish","type":"post","link":"https:\/\/www.obispado-mdp.org.ar\/a\/representantes-legales-de-escuelas-participan-de-ejercicios-espirituales-junto-a-mons-ernesto\/","title":{"rendered":"Representantes Legales de escuelas participan de Ejercicios Espirituales junto a Mons. Ernesto"},"content":{"rendered":"\n<p>En la Casa de Retiros \u201cSan Francisco y Santa Clara\u201d del Bosque Peralta Ramos, representantes legales de escuelas tanto episcopales como congregacionales participaron este jueves 27 y viernes  28  de Ejercicios Espirituales predicados por nuestro obispo Ernesto Giobando sj. Particip\u00f3 tambi\u00e9n el Vicario de Educaci\u00f3n, presb\u00edtero Juan Cruz Mennilli.<\/p>\n\n\n\n<p>El Obispo present\u00f3 a los responsable educativos el sentido de los Ejercicios a la vez que vincul\u00f3 sus reflexiones con los puntos presentados por el Dicasterio para la Educaci\u00f3n en su reciente publicaci\u00f3n sobre el Pacto Educativo \u201cG-Local\u201d.<\/p>\n\n\n\n<p>Con estos espacios de oraci\u00f3n personal y de di\u00e1logo comunitario, los referentes de las escuelas se disponen a comenzar el presente ciclo lectivo con renovado entusiasmo.<\/p>\n\n\n\n<figure class=\"wp-block-image size-large\"><img loading=\"lazy\" width=\"1024\" height=\"768\" src=\"https:\/\/www.obispado-mdp.org.ar\/a\/wp-content\/uploads\/2025\/02\/WhatsApp-Image-2025-02-27-at-9.11.42-PM-1024x768.jpeg\" alt=\"\" class=\"wp-image-45739\"\/><\/figure>\n\n\n\n<figure class=\"wp-block-image size-large\"><img loading=\"lazy\" width=\"1024\" height=\"768\" src=\"https:\/\/www.obispado-mdp.org.ar\/a\/wp-content\/uploads\/2025\/02\/WhatsApp-Image-2025-02-27-at-11.22.55-PM-1024x768.jpeg\" alt=\"\" class=\"wp-image-45740\"\/><\/figure>\n\n\n\n<figure class=\"wp-block-image size-large\"><img loading=\"lazy\" width=\"1024\" height=\"768\" src=\"https:\/\/www.obispado-mdp.org.ar\/a\/wp-content\/uploads\/2025\/02\/WhatsApp-Image-2025-02-27-at-11.22.57-PM-1024x768.jpeg\" alt=\"\" class=\"wp-image-45741\"\/><\/figure>\n\n\n\n<figure class=\"wp-block-image size-large\"><img loading=\"lazy\" width=\"1024\" height=\"768\" src=\"https:\/\/www.obispado-mdp.org.ar\/a\/wp-content\/uploads\/2025\/02\/WhatsApp-Image-2025-02-27-at-9.11.41-PM-1024x768.jpeg\" alt=\"\" class=\"wp-image-45742\"\/><\/figure>\n","protected":false},"excerpt":{"rendered":"<p>En la Casa de Retiros \u201cSan Francisco y Santa Clara\u201d del Bosque Peralta Ramos, representantes legales de escuelas tanto episcopales como congregacionales participaron este jueves 27 y viernes 28 de Ejercicios Espirituales predicados por nuestro obispo Ernesto Giobando sj. Particip\u00f3 tambi\u00e9n el Vicario de Educaci\u00f3n, presb\u00edtero Juan Cruz Mennilli. El Obispo present\u00f3 a los responsable [&hellip;]<\/p>\n","protected":false},"author":4,"featured_media":0,"comment_status":"open","ping_status":"open","sticky":false,"template":"","format":"standard","meta":{"_et_pb_use_builder":"","_et_pb_old_content":"","_et_gb_content_width":""},"categories":[4],"tags":[],"aioseo_notices":[],"_links":{"self":[{"href":"https:\/\/www.obispado-mdp.org.ar\/a\/wp-json\/wp\/v2\/posts\/45738"}],"collection":[{"href":"https:\/\/www.obispado-mdp.org.ar\/a\/wp-json\/wp\/v2\/posts"}],"about":[{"href":"https:\/\/www.obispado-mdp.org.ar\/a\/wp-json\/wp\/v2\/types\/post"}],"author":[{"embeddable":true,"href":"https:\/\/www.obispado-mdp.org.ar\/a\/wp-json\/wp\/v2\/users\/4"}],"replies":[{"embeddable":true,"href":"https:\/\/www.obispado-mdp.org.ar\/a\/wp-json\/wp\/v2\/comments?post=45738"}],"version-history":[{"count":3,"href":"https:\/\/www.obispado-mdp.org.ar\/a\/wp-json\/wp\/v2\/posts\/45738\/revisions"}],"predecessor-version":[{"id":45745,"href":"https:\/\/www.obispado-mdp.org.ar\/a\/wp-json\/wp\/v2\/posts\/45738\/revisions\/45745"}],"wp:attachment":[{"href":"https:\/\/www.obispado-mdp.org.ar\/a\/wp-json\/wp\/v2\/media?parent=45738"}],"wp:term":[{"taxonomy":"category","embeddable":true,"href":"https:\/\/www.obispado-mdp.org.ar\/a\/wp-json\/wp\/v2\/categories?post=45738"},{"taxonomy":"post_tag","embeddable":true,"href":"https:\/\/www.obispado-mdp.org.ar\/a\/wp-json\/wp\/v2\/tags?post=45738"}],"curies":[{"name":"wp","href":"https:\/\/api.w.org\/{rel}","templated":true}]}}