{"id":45746,"date":"2025-03-01T14:45:55","date_gmt":"2025-03-01T17:45:55","guid":{"rendered":"https:\/\/www.obispado-mdp.org.ar\/a\/?p=45746"},"modified":"2025-03-01T14:45:56","modified_gmt":"2025-03-01T17:45:56","slug":"mons-giobando-estamos-en-la-sala-de-espera-en-oracion-confiada-por-francisco","status":"publish","type":"post","link":"https:\/\/www.obispado-mdp.org.ar\/a\/mons-giobando-estamos-en-la-sala-de-espera-en-oracion-confiada-por-francisco\/","title":{"rendered":"<strong>Mons. Giobando: \u201cEstamos en la sala de espera en oraci\u00f3n confiada por Francisco\u201d&nbsp;<\/strong>"},"content":{"rendered":"\n<p>En una Gruta de Lourdes colmada de fieles que respondieron a la convocatoria realizada d\u00edas atr\u00e1s desde el Obispado de Mar del Plata, el obispo diocesano, monse\u00f1or Ernesto Giobando sj. presidi\u00f3 el rezo del Rosario seguido de la Misa para rezar por la salud del papa Francisco.&nbsp;<\/p>\n\n\n\n<p>El Obispo invit\u00f3 a los presentes a \u201cconfiar en Dios que todo lo hace bien, incluso en los momentos de cruz y de dolor\u201d y&nbsp; asever\u00f3 que \u201ccuando experimentamos la enfermedad nos reconocemos necesitados y nos confiamos a la misericordia de Dios.\u201d<\/p>\n\n\n\n<p>\u201cHoy confiamos al Papa a la Virgen aqu\u00ed en esta Gruta, a la que tantos enfermos acuden a encomendarse a Mar\u00eda ante la fragilidad y la enfermedad, y ella nos recuerda que el Se\u00f1or mira con bondad la humildad y la peque\u00f1ez de sus servidores\u201d continu\u00f3.&nbsp;<\/p>\n\n\n\n<p>Seguidamente el Obispo manifest\u00f3 que \u201cestamos como en una sala de espera en vigilia por el Papa, y \u00bfqu\u00e9 hacemos cuando alguien que queremos est\u00e1 internado y nosotros esperamos afuera? Dejamos de lado las diferencias, nos olvidamos de qui\u00e9n tiene m\u00e1s medallas o m\u00e1s poder, y nos unimos a pedir por nuestro ser querido y a recordar todo el bien que nos ha hecho.\u201d<\/p>\n\n\n\n<p>\u201c\u00a1Cu\u00e1ntas cosas seguramente vienen a nuestro coraz\u00f3n en este momento del Papa!\u201d exclam\u00f3 y detall\u00f3 \u201cgestos y frases que marcaron a muchos: su primera visita a Lampedusa, su pedido de una Iglesia pobre para los pobres, y cada palabra suya que tengamos en nuestro coraz\u00f3n.\u201d<\/p>\n\n\n\n<p>Finalizada la Misa, que debi\u00f3 celebrarse en el interior de la Capilla debido a la lluvia, se realiz\u00f3 una breve procesi\u00f3n hacia la Gruta en la que se realiz\u00f3 una \u00faltima oraci\u00f3n a la Virgen.<\/p>\n\n\n\n<figure class=\"wp-block-image size-large\"><img loading=\"lazy\" width=\"1024\" height=\"768\" src=\"https:\/\/www.obispado-mdp.org.ar\/a\/wp-content\/uploads\/2025\/03\/WhatsApp-Image-2025-03-01-at-11.42.20-AM-1024x768.jpeg\" alt=\"\" class=\"wp-image-45747\"\/><\/figure>\n\n\n\n<figure class=\"wp-block-image size-large\"><img loading=\"lazy\" width=\"1024\" height=\"768\" src=\"https:\/\/www.obispado-mdp.org.ar\/a\/wp-content\/uploads\/2025\/03\/WhatsApp-Image-2025-03-01-at-8.27.31-AM-2-1024x768.jpeg\" alt=\"\" class=\"wp-image-45748\"\/><\/figure>\n\n\n\n<figure class=\"wp-block-image size-large\"><img loading=\"lazy\" width=\"1024\" height=\"768\" src=\"https:\/\/www.obispado-mdp.org.ar\/a\/wp-content\/uploads\/2025\/03\/WhatsApp-Image-2025-03-01-at-8.27.31-AM-1024x768.jpeg\" alt=\"\" class=\"wp-image-45749\"\/><\/figure>\n\n\n\n<figure class=\"wp-block-image size-large is-resized\"><img loading=\"lazy\" src=\"https:\/\/www.obispado-mdp.org.ar\/a\/wp-content\/uploads\/2025\/03\/WhatsApp-Image-2025-03-01-at-11.42.21-AM-768x1024.jpeg\" alt=\"\" class=\"wp-image-45750\" width=\"827\" height=\"1103\"\/><\/figure>\n\n\n\n<figure class=\"wp-block-image size-large is-resized\"><img loading=\"lazy\" src=\"https:\/\/www.obispado-mdp.org.ar\/a\/wp-content\/uploads\/2025\/03\/WhatsApp-Image-2025-03-01-at-8.27.31-AM-3-1024x768.jpeg\" alt=\"\" class=\"wp-image-45751\" width=\"833\" height=\"624\"\/><\/figure>\n\n\n\n<figure class=\"wp-block-image size-large is-resized\"><img loading=\"lazy\" src=\"https:\/\/www.obispado-mdp.org.ar\/a\/wp-content\/uploads\/2025\/03\/WhatsApp-Image-2025-03-01-at-8.54.21-AM-472x1024.jpeg\" alt=\"\" class=\"wp-image-45752\" width=\"821\" height=\"1781\"\/><\/figure>\n","protected":false},"excerpt":{"rendered":"<p>En una Gruta de Lourdes colmada de fieles que respondieron a la convocatoria realizada d\u00edas atr\u00e1s desde el Obispado de Mar del Plata, el obispo diocesano, monse\u00f1or Ernesto Giobando sj. presidi\u00f3 el rezo del Rosario seguido de la Misa para rezar por la salud del papa Francisco.&nbsp; El Obispo invit\u00f3 a los presentes a \u201cconfiar [&hellip;]<\/p>\n","protected":false},"author":4,"featured_media":0,"comment_status":"open","ping_status":"open","sticky":false,"template":"","format":"standard","meta":{"_et_pb_use_builder":"","_et_pb_old_content":"","_et_gb_content_width":""},"categories":[4],"tags":[],"aioseo_notices":[],"_links":{"self":[{"href":"https:\/\/www.obispado-mdp.org.ar\/a\/wp-json\/wp\/v2\/posts\/45746"}],"collection":[{"href":"https:\/\/www.obispado-mdp.org.ar\/a\/wp-json\/wp\/v2\/posts"}],"about":[{"href":"https:\/\/www.obispado-mdp.org.ar\/a\/wp-json\/wp\/v2\/types\/post"}],"author":[{"embeddable":true,"href":"https:\/\/www.obispado-mdp.org.ar\/a\/wp-json\/wp\/v2\/users\/4"}],"replies":[{"embeddable":true,"href":"https:\/\/www.obispado-mdp.org.ar\/a\/wp-json\/wp\/v2\/comments?post=45746"}],"version-history":[{"count":1,"href":"https:\/\/www.obispado-mdp.org.ar\/a\/wp-json\/wp\/v2\/posts\/45746\/revisions"}],"predecessor-version":[{"id":45753,"href":"https:\/\/www.obispado-mdp.org.ar\/a\/wp-json\/wp\/v2\/posts\/45746\/revisions\/45753"}],"wp:attachment":[{"href":"https:\/\/www.obispado-mdp.org.ar\/a\/wp-json\/wp\/v2\/media?parent=45746"}],"wp:term":[{"taxonomy":"category","embeddable":true,"href":"https:\/\/www.obispado-mdp.org.ar\/a\/wp-json\/wp\/v2\/categories?post=45746"},{"taxonomy":"post_tag","embeddable":true,"href":"https:\/\/www.obispado-mdp.org.ar\/a\/wp-json\/wp\/v2\/tags?post=45746"}],"curies":[{"name":"wp","href":"https:\/\/api.w.org\/{rel}","templated":true}]}}