{"id":45754,"date":"2025-02-25T21:49:00","date_gmt":"2025-02-26T00:49:00","guid":{"rendered":"https:\/\/www.obispado-mdp.org.ar\/a\/?p=45754"},"modified":"2025-03-02T21:51:54","modified_gmt":"2025-03-03T00:51:54","slug":"junto-al-obispo-miembros-de-comunion-y-liberacion-recordaron-a-su-fundador-don-luigi-giussani","status":"publish","type":"post","link":"https:\/\/www.obispado-mdp.org.ar\/a\/junto-al-obispo-miembros-de-comunion-y-liberacion-recordaron-a-su-fundador-don-luigi-giussani\/","title":{"rendered":"<strong>Junto al Obispo, miembros de Comuni\u00f3n y Liberaci\u00f3n recordaron a su fundador, Don Luigi Giussani<\/strong>"},"content":{"rendered":"\n<p>En el marco de un nuevo aniversario del reconocimiento Pontificio de la Fraternidad de Comuni\u00f3n y Liberaci\u00f3n y a 20 a\u00f1os de la partida de quien fuera su fundador, el Siervo De Dios Luigi Giussani, se celebr\u00f3 el martes 25 una Misa en la Catedral, presidida por el Obispo, monse\u00f1or Ernesto Giobando sj.&nbsp;<\/p>\n\n\n\n<p>Acerca de Don Giussani, Giobando asever\u00f3 que \u201cayud\u00f3 a los que acompa\u00f1aron su camino, especialmente a los j\u00f3venes y fue una persona que conoci\u00f3 la realidad del ser humano como estaba en aquel momento -no muy distinto a como estamos hoy- y tambi\u00e9n a ese Cristo que debe ser anunciado y proclamado sin recorte, un Cristo que debe tocar nuestro coraz\u00f3n, nuestra conciencia y para que podamos hacer un cambio de vida.\u201d<\/p>\n\n\n\n<p>\u201cGiussani fue un hombre maduro en la fe, un hombre que pudo iluminar el camino a otros desde un coraz\u00f3n sencillo\u201d, explic\u00f3 el Obispo y pidi\u00f3 \u201ca todos estos \u2018santos de la puerta de al lado\u2019 como dice el Papa Francisco, que nos iluminen entonces en el camino de la fe con una renovada&nbsp; esperanza y que aquellos que son parte de esta asociaci\u00f3n sean fieles al legado de su fundador.\u201d<\/p>\n\n\n\n<figure class=\"wp-block-image size-full\"><img loading=\"lazy\" width=\"775\" height=\"576\" src=\"https:\/\/www.obispado-mdp.org.ar\/a\/wp-content\/uploads\/2025\/03\/WhatsApp-Image-2025-03-01-at-12.51.41-PM.jpeg\" alt=\"\" class=\"wp-image-45755\"\/><\/figure>\n","protected":false},"excerpt":{"rendered":"<p>En el marco de un nuevo aniversario del reconocimiento Pontificio de la Fraternidad de Comuni\u00f3n y Liberaci\u00f3n y a 20 a\u00f1os de la partida de quien fuera su fundador, el Siervo De Dios Luigi Giussani, se celebr\u00f3 el martes 25 una Misa en la Catedral, presidida por el Obispo, monse\u00f1or Ernesto Giobando sj.&nbsp; Acerca de [&hellip;]<\/p>\n","protected":false},"author":4,"featured_media":0,"comment_status":"open","ping_status":"open","sticky":false,"template":"","format":"standard","meta":{"_et_pb_use_builder":"","_et_pb_old_content":"","_et_gb_content_width":""},"categories":[4],"tags":[],"aioseo_notices":[],"_links":{"self":[{"href":"https:\/\/www.obispado-mdp.org.ar\/a\/wp-json\/wp\/v2\/posts\/45754"}],"collection":[{"href":"https:\/\/www.obispado-mdp.org.ar\/a\/wp-json\/wp\/v2\/posts"}],"about":[{"href":"https:\/\/www.obispado-mdp.org.ar\/a\/wp-json\/wp\/v2\/types\/post"}],"author":[{"embeddable":true,"href":"https:\/\/www.obispado-mdp.org.ar\/a\/wp-json\/wp\/v2\/users\/4"}],"replies":[{"embeddable":true,"href":"https:\/\/www.obispado-mdp.org.ar\/a\/wp-json\/wp\/v2\/comments?post=45754"}],"version-history":[{"count":1,"href":"https:\/\/www.obispado-mdp.org.ar\/a\/wp-json\/wp\/v2\/posts\/45754\/revisions"}],"predecessor-version":[{"id":45756,"href":"https:\/\/www.obispado-mdp.org.ar\/a\/wp-json\/wp\/v2\/posts\/45754\/revisions\/45756"}],"wp:attachment":[{"href":"https:\/\/www.obispado-mdp.org.ar\/a\/wp-json\/wp\/v2\/media?parent=45754"}],"wp:term":[{"taxonomy":"category","embeddable":true,"href":"https:\/\/www.obispado-mdp.org.ar\/a\/wp-json\/wp\/v2\/categories?post=45754"},{"taxonomy":"post_tag","embeddable":true,"href":"https:\/\/www.obispado-mdp.org.ar\/a\/wp-json\/wp\/v2\/tags?post=45754"}],"curies":[{"name":"wp","href":"https:\/\/api.w.org\/{rel}","templated":true}]}}