{"id":45757,"date":"2025-03-03T11:33:11","date_gmt":"2025-03-03T14:33:11","guid":{"rendered":"https:\/\/www.obispado-mdp.org.ar\/a\/?p=45757"},"modified":"2025-03-03T14:52:16","modified_gmt":"2025-03-03T17:52:16","slug":"carpa-misionera-en-barrios-de-la-parroquia-santa-rita","status":"publish","type":"post","link":"https:\/\/www.obispado-mdp.org.ar\/a\/carpa-misionera-en-barrios-de-la-parroquia-santa-rita\/","title":{"rendered":"Carpa misionera en barrios de la Parroquia Santa Rita"},"content":{"rendered":"\n<p>Este domingo 2 de marzo concluy\u00f3 la misi\u00f3n con la carpa misionera que durante una semana la comunidad Mar\u00eda Reina de los Ap\u00f3stoles, de la Parroquia Santa Rita, llev\u00f3 adelante en los barrios Valle y Parque Hermoso, de la ciudad de Mar del Plata.<\/p>\n\n\n\n<p>La Misa de clausura fue presidida por el obispo, monse\u00f1or Ernesto Giobando sj., quien anim\u00f3 a la comunidad a seguir adelante con la misi\u00f3n en el barrio, a la vez que bendijo y entroniz\u00f3 una imagen de la Virgen en su advocaci\u00f3n de Nuestra Se\u00f1ora de la Medalla Milagrosa, como un testimonio del paso de la Carpa Misionera por el barrio.<\/p>\n\n\n\n<figure class=\"wp-block-image size-full\"><img loading=\"lazy\" width=\"940\" height=\"788\" src=\"https:\/\/www.obispado-mdp.org.ar\/a\/wp-content\/uploads\/2025\/03\/Diocesis-de-Mar-del-Plata-3.png\" alt=\"\" class=\"wp-image-45770\"\/><\/figure>\n\n\n\n<figure class=\"wp-block-image size-full\"><img loading=\"lazy\" width=\"940\" height=\"788\" src=\"https:\/\/www.obispado-mdp.org.ar\/a\/wp-content\/uploads\/2025\/03\/Diocesis-de-Mar-del-Plata-2.png\" alt=\"\" class=\"wp-image-45762\"\/><\/figure>\n\n\n\n<figure class=\"wp-block-image size-large\"><img loading=\"lazy\" width=\"1024\" height=\"576\" src=\"https:\/\/www.obispado-mdp.org.ar\/a\/wp-content\/uploads\/2025\/03\/WhatsApp-Image-2025-03-03-at-10.25.11-AM-1024x576.jpeg\" alt=\"\" class=\"wp-image-45758\"\/><\/figure>\n\n\n\n<figure class=\"wp-block-image size-large\"><img loading=\"lazy\" width=\"1024\" height=\"576\" src=\"https:\/\/www.obispado-mdp.org.ar\/a\/wp-content\/uploads\/2025\/03\/WhatsApp-Image-2025-03-03-at-10.25.10-AM-1024x576.jpeg\" alt=\"\" class=\"wp-image-45759\"\/><\/figure>\n\n\n\n<figure class=\"wp-block-image size-large is-resized\"><img loading=\"lazy\" src=\"https:\/\/www.obispado-mdp.org.ar\/a\/wp-content\/uploads\/2025\/03\/WhatsApp-Image-2025-03-03-at-10.25.34-AM-576x1024.jpeg\" alt=\"\" class=\"wp-image-45760\" width=\"821\" height=\"1460\"\/><\/figure>\n\n\n\n<figure class=\"wp-block-image size-large\"><img loading=\"lazy\" width=\"1024\" height=\"576\" src=\"https:\/\/www.obispado-mdp.org.ar\/a\/wp-content\/uploads\/2025\/03\/WhatsApp-Image-2025-03-03-at-10.25.10-AM-1-1024x576.jpeg\" alt=\"\" class=\"wp-image-45763\"\/><\/figure>\n\n\n\n<figure class=\"wp-block-image size-large\"><img loading=\"lazy\" width=\"1024\" height=\"771\" src=\"https:\/\/www.obispado-mdp.org.ar\/a\/wp-content\/uploads\/2025\/03\/WhatsApp-Image-2025-03-03-at-2.00.30-PM-1024x771.jpeg\" alt=\"\" class=\"wp-image-45765\"\/><\/figure>\n\n\n\n<figure class=\"wp-block-image size-large\"><img loading=\"lazy\" width=\"771\" height=\"1024\" src=\"https:\/\/www.obispado-mdp.org.ar\/a\/wp-content\/uploads\/2025\/03\/WhatsApp-Image-2025-03-03-at-2.00.29-PM-1-771x1024.jpeg\" alt=\"\" class=\"wp-image-45767\"\/><\/figure>\n","protected":false},"excerpt":{"rendered":"<p>Este domingo 2 de marzo concluy\u00f3 la misi\u00f3n con la carpa misionera que durante una semana la comunidad Mar\u00eda Reina de los Ap\u00f3stoles, de la Parroquia Santa Rita, llev\u00f3 adelante en los barrios Valle y Parque Hermoso, de la ciudad de Mar del Plata. La Misa de clausura fue presidida por el obispo, monse\u00f1or Ernesto [&hellip;]<\/p>\n","protected":false},"author":4,"featured_media":0,"comment_status":"open","ping_status":"open","sticky":false,"template":"","format":"standard","meta":{"_et_pb_use_builder":"","_et_pb_old_content":"","_et_gb_content_width":""},"categories":[4],"tags":[],"aioseo_notices":[],"_links":{"self":[{"href":"https:\/\/www.obispado-mdp.org.ar\/a\/wp-json\/wp\/v2\/posts\/45757"}],"collection":[{"href":"https:\/\/www.obispado-mdp.org.ar\/a\/wp-json\/wp\/v2\/posts"}],"about":[{"href":"https:\/\/www.obispado-mdp.org.ar\/a\/wp-json\/wp\/v2\/types\/post"}],"author":[{"embeddable":true,"href":"https:\/\/www.obispado-mdp.org.ar\/a\/wp-json\/wp\/v2\/users\/4"}],"replies":[{"embeddable":true,"href":"https:\/\/www.obispado-mdp.org.ar\/a\/wp-json\/wp\/v2\/comments?post=45757"}],"version-history":[{"count":2,"href":"https:\/\/www.obispado-mdp.org.ar\/a\/wp-json\/wp\/v2\/posts\/45757\/revisions"}],"predecessor-version":[{"id":45771,"href":"https:\/\/www.obispado-mdp.org.ar\/a\/wp-json\/wp\/v2\/posts\/45757\/revisions\/45771"}],"wp:attachment":[{"href":"https:\/\/www.obispado-mdp.org.ar\/a\/wp-json\/wp\/v2\/media?parent=45757"}],"wp:term":[{"taxonomy":"category","embeddable":true,"href":"https:\/\/www.obispado-mdp.org.ar\/a\/wp-json\/wp\/v2\/categories?post=45757"},{"taxonomy":"post_tag","embeddable":true,"href":"https:\/\/www.obispado-mdp.org.ar\/a\/wp-json\/wp\/v2\/tags?post=45757"}],"curies":[{"name":"wp","href":"https:\/\/api.w.org\/{rel}","templated":true}]}}