{"id":45804,"date":"2025-03-10T11:36:29","date_gmt":"2025-03-10T14:36:29","guid":{"rendered":"https:\/\/www.obispado-mdp.org.ar\/a\/?p=45804"},"modified":"2025-03-10T11:36:30","modified_gmt":"2025-03-10T14:36:30","slug":"catequistas-de-la-diocesis-participaron-de-su-retiro-anual","status":"publish","type":"post","link":"https:\/\/www.obispado-mdp.org.ar\/a\/catequistas-de-la-diocesis-participaron-de-su-retiro-anual\/","title":{"rendered":"<strong>Catequistas de la di\u00f3cesis participaron de su retiro anual<\/strong>"},"content":{"rendered":"\n<p>Como cada a\u00f1o se llev\u00f3 a cabo este s\u00e1bado 8 el retiro diocesano de Catequistas, que en esta ocasi\u00f3n cont\u00f3 con la participaci\u00f3n de m\u00e1s de 200 personas de las distintas parroquias y ciudades de la di\u00f3cesis. Si bien el mismo debi\u00f3 realizarse de manera virtual debido a la alerta meteorol\u00f3gica que reg\u00eda en la v\u00edspera del encuentro, muchas comunidades optaron por reunirse para sumarse a la transmisi\u00f3n desde la propia parroquia.&nbsp;<\/p>\n\n\n\n<p>Luego de la bienvenida por parte de los integrantes del Secretariado de Catequesis, y de un momento de adoraci\u00f3n al Sant\u00edsimo Sacramento, tuvo lugar la reflexi\u00f3n del obispo diocesano, monse\u00f1or Ernesto Giobando sj.<\/p>\n\n\n\n<p>El Obispo comenz\u00f3 sus palabras con la pregunta \u201c\u00bfqui\u00e9n es Jes\u00fas para nosotros, para vos, para m\u00ed?\u201d a la vez que destac\u00f3 que \u201ces una pregunta fundamental para todo cristiano, especialmente para un catequista que \u2018ense\u00f1ar\u00e1\u2019 acerca de la vida y obra de Jes\u00fas\u201d y seguidamente comparti\u00f3 su testimonio \u201ca modo de presentaci\u00f3n.\u201d<\/p>\n\n\n\n<p>Luego de desarrollar los temas \u201cser catequista\u201d y \u201cla oraci\u00f3n del catequista\u201d afirm\u00f3 que \u201csu misi\u00f3n es llevar esperanza en este contexto del A\u00f1o Santo, pero ciertamente en un mundo donde no brilla la esperanza, no como brillo mundano, sino como una lucesita en el horizonte.\u201d \u201cEl catequista es el que muestra esa luz inextinguible que es Jes\u00fas, Luz del mundo\u201d destac\u00f3.&nbsp;<\/p>\n\n\n\n<p>\u201cEl catequista de la esperanza es el que \u2018por as\u00ed decirlo, se\u00f1ala la orientaci\u00f3n, indica la direcci\u00f3n y la finalidad de la existencia cristiana\u2019 afirm\u00f3 citando al papa Francisco en la Bula Spes Non Confundit y prosigui\u00f3 \u201cdeteng\u00e1monos en estas tres dimensiones de la misi\u00f3n y tratemos de bajarla a nuestra realidad. No estamos llamados a saber todo, a ense\u00f1ar todo, a cumplir con todo el \u2018programa\u2019 (no me gusta esa palabra, mejor es recorrido, itinerario): estamos llamados a ser gu\u00edas, somos como el GPS para ese ni\u00f1o, joven o adulto que se acerca a vivir una experiencia cristiana en el seno de la Iglesia.\u201d<\/p>\n\n\n\n<p>Luego de la meditaci\u00f3n del Obispo se dispuso un tiempo para la reflexi\u00f3n personal y el trabajo por grupos. Finalmente se compartieron novedades para la catequesis diocesana en el presente a\u00f1o, destac\u00e1ndose el nuevo material que se ofrece, la realizaci\u00f3n del Jubileo de los Catequistas, previsto para el s\u00e1bado 23 de agosto, y el lanzamiento del nuevo canal de WhatsApp para la difusi\u00f3n de novedades.\u201d<\/p>\n\n\n\n<p><strong>Grupo de Whatsapp:<\/strong> <a href=\"https:\/\/whatsapp.com\/channel\/0029Vb1Yb1tLY6cydNSFO01B\">https:\/\/whatsapp.com\/channel\/0029Vb1Yb1tLY6cydNSFO01B<\/a><\/p>\n\n\n\n<figure class=\"wp-block-image size-large\"><img loading=\"lazy\" width=\"1024\" height=\"576\" src=\"https:\/\/www.obispado-mdp.org.ar\/a\/wp-content\/uploads\/2025\/03\/Diseno-sin-titulo-19-1024x576.png\" alt=\"\" class=\"wp-image-45805\"\/><\/figure>\n","protected":false},"excerpt":{"rendered":"<p>Como cada a\u00f1o se llev\u00f3 a cabo este s\u00e1bado 8 el retiro diocesano de Catequistas, que en esta ocasi\u00f3n cont\u00f3 con la participaci\u00f3n de m\u00e1s de 200 personas de las distintas parroquias y ciudades de la di\u00f3cesis. Si bien el mismo debi\u00f3 realizarse de manera virtual debido a la alerta meteorol\u00f3gica que reg\u00eda en la [&hellip;]<\/p>\n","protected":false},"author":4,"featured_media":0,"comment_status":"open","ping_status":"open","sticky":false,"template":"","format":"standard","meta":{"_et_pb_use_builder":"","_et_pb_old_content":"","_et_gb_content_width":""},"categories":[4],"tags":[],"aioseo_notices":[],"_links":{"self":[{"href":"https:\/\/www.obispado-mdp.org.ar\/a\/wp-json\/wp\/v2\/posts\/45804"}],"collection":[{"href":"https:\/\/www.obispado-mdp.org.ar\/a\/wp-json\/wp\/v2\/posts"}],"about":[{"href":"https:\/\/www.obispado-mdp.org.ar\/a\/wp-json\/wp\/v2\/types\/post"}],"author":[{"embeddable":true,"href":"https:\/\/www.obispado-mdp.org.ar\/a\/wp-json\/wp\/v2\/users\/4"}],"replies":[{"embeddable":true,"href":"https:\/\/www.obispado-mdp.org.ar\/a\/wp-json\/wp\/v2\/comments?post=45804"}],"version-history":[{"count":1,"href":"https:\/\/www.obispado-mdp.org.ar\/a\/wp-json\/wp\/v2\/posts\/45804\/revisions"}],"predecessor-version":[{"id":45806,"href":"https:\/\/www.obispado-mdp.org.ar\/a\/wp-json\/wp\/v2\/posts\/45804\/revisions\/45806"}],"wp:attachment":[{"href":"https:\/\/www.obispado-mdp.org.ar\/a\/wp-json\/wp\/v2\/media?parent=45804"}],"wp:term":[{"taxonomy":"category","embeddable":true,"href":"https:\/\/www.obispado-mdp.org.ar\/a\/wp-json\/wp\/v2\/categories?post=45804"},{"taxonomy":"post_tag","embeddable":true,"href":"https:\/\/www.obispado-mdp.org.ar\/a\/wp-json\/wp\/v2\/tags?post=45804"}],"curies":[{"name":"wp","href":"https:\/\/api.w.org\/{rel}","templated":true}]}}