{"id":45808,"date":"2025-03-18T09:48:02","date_gmt":"2025-03-18T12:48:02","guid":{"rendered":"https:\/\/www.obispado-mdp.org.ar\/a\/?p=45808"},"modified":"2025-03-18T09:48:03","modified_gmt":"2025-03-18T12:48:03","slug":"con-la-caminata-brocheriana-se-celebro-el-jubileo-de-los-encuentros-de-evangelizacion","status":"publish","type":"post","link":"https:\/\/www.obispado-mdp.org.ar\/a\/con-la-caminata-brocheriana-se-celebro-el-jubileo-de-los-encuentros-de-evangelizacion\/","title":{"rendered":"Con la \u201cCaminata Brocheriana\u201d se celebr\u00f3 el Jubileo de los Encuentros de Evangelizaci\u00f3n"},"content":{"rendered":"\n<p>El pasado domingo 16 de marzo, festividad de San Jos\u00e9 Gabriel del Rosario Brochero, integrantes de la comunidad y los equipos de los encuentros de evangelizaci\u00f3n que lo tienen por patrono, celebraron su Jubileo en el marco del A\u00f1o Santo convocado por el papa Francisco.<\/p>\n\n\n\n<p>La actividad se inici\u00f3 con la \u201ccaminata brocheriana\u201d: una marcha desde la Casa de Ejercicios, ubicada en Av. Col\u00f3n al 10.100, hacia la Catedral, donde participaron de la Misa que presidi\u00f3 el obispo diocesano, monse\u00f1or Ernesto Giobando sj. y concelebraron los presb\u00edteros Fabi\u00e1n Yanes y H\u00e9ctor D\u00edaz.<\/p>\n\n\n\n<p>Comentando el Evangelio, el Obispo explic\u00f3 que \u201cen el A\u00f1o Jubilar, que se da cada 25 a\u00f1os, podemos recibir ese signo de la misericordia de Dios que es la indulgencia plenaria, a trav\u00e9s la confesi\u00f3n de nuestros pecados\u201d y destac\u00f3 que \u201cpodemos ver en Brochero un ejemplo de pastor que iba a buscar a las ovejas m\u00e1s perdidas para que se encuentren con Dios y su misericordia.\u201d<\/p>\n\n\n\n<p>\u201cBrochero les daba catequesis y les predicaba ejercicios espirituales que hab\u00eda aprendido en la Santa Casa de Ejericios Espirituales de Buenos Aires\u201d relat\u00f3 y detall\u00f3 \u201cMama Antula ya hab\u00eda muerto, pero dej\u00f3 un libro que fue a buscar el cura Brochero, y cuando lo tuvo en sus manos, lo llev\u00f3 a su parroquia en Traslasierra, donde comenz\u00f3 la misma tarea de Mama Antula, empezar a invitar a la gente a hacer retiros.\u201d<\/p>\n\n\n\n<p>En una breve interacci\u00f3n con los fieles, monse\u00f1or Giobando pregunt\u00f3 \u201c\u00bfqui\u00e9n de los que est\u00e1n ac\u00e1 hizo el retiro brocheriano?\u201d y les dijo \u201ctodos ustedes invitados por alguien, pero detr\u00e1s de esa invitaci\u00f3n est\u00e1 Jes\u00fas el buen pastor, que lo sali\u00f3 a buscar.\u201d \u201cEl cura Brochero no se quedaba, podemos decir que era un cura de salida, de periferias: visit\u00f3 su parroquia pero no solo para animar a la gente a que creyera sino para llevar tambi\u00e9n a su parroquia el progreso, por eso es que trabajaba a la par con otros para la Santa Casa de Ejercicios, y cuando hab\u00eda que ayudar para poner las v\u00edas del tren \u00e9l se arremangaba y trabajaba. \u00bfPor qu\u00e9? Porque \u00e9l pensaba que el progreso en esa zona tan excluida iba a ayudar, iba a traer trabajo. Por eso&nbsp; Brochero fue tambi\u00e9n un pastor, no s\u00f3lo con olor a ovejas, sino un pastor que quer\u00eda mejorar la calidad de vida de la gente\u201d asever\u00f3.<\/p>\n\n\n\n<p>Y prosigui\u00f3 \u201chab\u00eda muchos pobres en la parroquia de Brochero y \u00e9l escribe algo muy lindo: \u2018Dios se deja ver de muchas maneras pero donde m\u00e1s se lo encuentra es entre los pobres\u2019. \u00a1Qu\u00e9 linda frase para aplicar a nuestra vida! Si no somos pobres qu\u00e9 dif\u00edcil es encontrar a Dios, una pobreza que es tambi\u00e9n la del coraz\u00f3n, la austeridad en el uso de las cosas materiales para hacernos solidarios con los que m\u00e1s sufren.\u201d<\/p>\n\n\n\n<p>\u201cBrochero va, Brochero siempre va y Brochero llega, como llega esta tarde a nuestros corazones. \u00a1Qu\u00e9 lindo recibirlo al cura que viene! Este cura que entreg\u00f3 todo, al final de su vida qued\u00f3 ciego y en lugar de quejarse le dijo a Dios \u2018aqu\u00ed estoy, lo que resta de mi vida es para rezar por los que han venido y por los que vendr\u00e1n\u2019: ofreci\u00f3 su vida como oraci\u00f3n al Padre\u201d destac\u00f3 el prelado, y continu\u00f3 \u201ccuando vamos a Traslasierra y vemos esa monta\u00f1a, y esos valles, uno piensa \u2018los recorri\u00f3 el cura con su mula\u2019. Tal es as\u00ed que el Papa Francisco dijo en la canonizaci\u00f3n \u2018este cura entr\u00f3 al cielo con mula y todo\u2019.\u201d Y finaliz\u00f3 \u201cque Dios nos acompa\u00f1e entonces, que Brochero siga iluminando nuestro camino, y como peregrino de la esperanza, nos ayude en el camino de la salvaci\u00f3n.\u201d<\/p>\n\n\n\n<figure class=\"wp-block-image size-large\"><img loading=\"lazy\" width=\"1024\" height=\"768\" src=\"https:\/\/www.obispado-mdp.org.ar\/a\/wp-content\/uploads\/2025\/03\/WhatsApp-Image-2025-03-16-at-8.55.04-PM-1024x768.jpeg\" alt=\"\" class=\"wp-image-45812\"\/><\/figure>\n\n\n\n<figure class=\"wp-block-image size-large\"><img loading=\"lazy\" width=\"1024\" height=\"768\" src=\"https:\/\/www.obispado-mdp.org.ar\/a\/wp-content\/uploads\/2025\/03\/WhatsApp-Image-2025-03-16-at-8.50.41-PM-1024x768.jpeg\" alt=\"\" class=\"wp-image-45810\"\/><\/figure>\n\n\n\n<figure class=\"wp-block-image size-large\"><img loading=\"lazy\" width=\"1024\" height=\"768\" src=\"https:\/\/www.obispado-mdp.org.ar\/a\/wp-content\/uploads\/2025\/03\/WhatsApp-Image-2025-03-16-at-8.50.40-PM-1-1024x768.jpeg\" alt=\"\" class=\"wp-image-45809\"\/><\/figure>\n\n\n\n<figure class=\"wp-block-image size-large\"><img loading=\"lazy\" width=\"1024\" height=\"768\" src=\"https:\/\/www.obispado-mdp.org.ar\/a\/wp-content\/uploads\/2025\/03\/WhatsApp-Image-2025-03-16-at-8.55.05-PM-1024x768.jpeg\" alt=\"\" class=\"wp-image-45811\"\/><\/figure>\n","protected":false},"excerpt":{"rendered":"<p>El pasado domingo 16 de marzo, festividad de San Jos\u00e9 Gabriel del Rosario Brochero, integrantes de la comunidad y los equipos de los encuentros de evangelizaci\u00f3n que lo tienen por patrono, celebraron su Jubileo en el marco del A\u00f1o Santo convocado por el papa Francisco. La actividad se inici\u00f3 con la \u201ccaminata brocheriana\u201d: una marcha [&hellip;]<\/p>\n","protected":false},"author":4,"featured_media":0,"comment_status":"open","ping_status":"open","sticky":false,"template":"","format":"standard","meta":{"_et_pb_use_builder":"","_et_pb_old_content":"","_et_gb_content_width":""},"categories":[4],"tags":[],"aioseo_notices":[],"_links":{"self":[{"href":"https:\/\/www.obispado-mdp.org.ar\/a\/wp-json\/wp\/v2\/posts\/45808"}],"collection":[{"href":"https:\/\/www.obispado-mdp.org.ar\/a\/wp-json\/wp\/v2\/posts"}],"about":[{"href":"https:\/\/www.obispado-mdp.org.ar\/a\/wp-json\/wp\/v2\/types\/post"}],"author":[{"embeddable":true,"href":"https:\/\/www.obispado-mdp.org.ar\/a\/wp-json\/wp\/v2\/users\/4"}],"replies":[{"embeddable":true,"href":"https:\/\/www.obispado-mdp.org.ar\/a\/wp-json\/wp\/v2\/comments?post=45808"}],"version-history":[{"count":1,"href":"https:\/\/www.obispado-mdp.org.ar\/a\/wp-json\/wp\/v2\/posts\/45808\/revisions"}],"predecessor-version":[{"id":45813,"href":"https:\/\/www.obispado-mdp.org.ar\/a\/wp-json\/wp\/v2\/posts\/45808\/revisions\/45813"}],"wp:attachment":[{"href":"https:\/\/www.obispado-mdp.org.ar\/a\/wp-json\/wp\/v2\/media?parent=45808"}],"wp:term":[{"taxonomy":"category","embeddable":true,"href":"https:\/\/www.obispado-mdp.org.ar\/a\/wp-json\/wp\/v2\/categories?post=45808"},{"taxonomy":"post_tag","embeddable":true,"href":"https:\/\/www.obispado-mdp.org.ar\/a\/wp-json\/wp\/v2\/tags?post=45808"}],"curies":[{"name":"wp","href":"https:\/\/api.w.org\/{rel}","templated":true}]}}